{"id":17376,"date":"2025-08-24T11:33:41","date_gmt":"2025-08-24T14:33:41","guid":{"rendered":"https:\/\/www.festivaldecircodobrasil.com.br\/2025\/?p=17376"},"modified":"2025-09-22T21:30:59","modified_gmt":"2025-09-23T00:30:59","slug":"assum-preto","status":"publish","type":"post","link":"https:\/\/www.festivaldecircodobrasil.com.br\/2025\/assum-preto\/","title":{"rendered":"ASSUM PRETO"},"content":{"rendered":"<p><b>Coletivo Instrumento de Ver <\/b><b>BRA[DF]<\/b><b><br \/>\n<\/b>Sam 27.09 &#8211; 21h | Dim 28.09 &#8211; 16h30 | La Grainerie<br \/>\nClassification: 12 ans<\/p>\n<p><img loading=\"lazy\" decoding=\"async\" class=\"img-responsive aligncenter size-full wp-image-17482\" src=\"https:\/\/www.festivaldecircodobrasil.com.br\/2025\/wp-content\/uploads\/2025\/08\/espetaculo-assumpreto.jpg\" alt=\"\" width=\"1200\" height=\"1782\" srcset=\"https:\/\/www.festivaldecircodobrasil.com.br\/2025\/wp-content\/uploads\/2025\/08\/espetaculo-assumpreto.jpg 1200w, https:\/\/www.festivaldecircodobrasil.com.br\/2025\/wp-content\/uploads\/2025\/08\/espetaculo-assumpreto-202x300.jpg 202w, https:\/\/www.festivaldecircodobrasil.com.br\/2025\/wp-content\/uploads\/2025\/08\/espetaculo-assumpreto-690x1024.jpg 690w, https:\/\/www.festivaldecircodobrasil.com.br\/2025\/wp-content\/uploads\/2025\/08\/espetaculo-assumpreto-768x1140.jpg 768w, https:\/\/www.festivaldecircodobrasil.com.br\/2025\/wp-content\/uploads\/2025\/08\/espetaculo-assumpreto-1034x1536.jpg 1034w\" sizes=\"auto, (max-width: 1200px) 100vw, 1200px\" \/><\/p>\n<p><b><br \/>\n<\/b><i>Premi\u00e8re europ\u00e9enne<\/i><\/p>\n<p>Des masques pour se r\u00e9v\u00e9ler.<\/p>\n<p>S\u2019inspirant des chansons <i>Assum Preto<\/i> de Luiz Gonzaga et Humberto Teixeira et <i>Black Bird<\/i> de Nina Simone, l\u2019artiste afro-br\u00e9silien Marco Motta revisite la culture populaire du masque et le concept du banzo, terme issu de la langue kikongo, exprimant la nostalgie qui frappait les noirs esclaves au Br\u00e9sil.<\/p>\n<p>Musique live et cirque a\u00e9rien permettent \u00e0 l\u2019acrobate d\u2019incarner le pouvoir de l\u2019art au-del\u00e0 de l\u2019eurocentrisme, de r\u00e9vler la perception de son corps dans les sph\u00e8res sociales et politique au Br\u00e9sil et en Europe.<\/p>\n<p>L\u2019artiste peintre Marco Motta, membre du Col. Instrumento de Ver, pr\u00e9sentera en \u00e9cho au spectacle <i>Assum Preto <\/i>un ensemble de peintures \u00e0 la fois symboliques et expressives. La repr\u00e9sentation du 28 septembre sera suivie d\u2019un bord plateau.<\/p>\n<p><iframe loading=\"lazy\" title=\"Assum Preto . Coletivo Instrumento de Ver - BRA[DF]\" width=\"500\" height=\"281\" src=\"https:\/\/www.youtube.com\/embed\/qZ-Ems07ePw?feature=oembed\" frameborder=\"0\" allow=\"accelerometer; autoplay; clipboard-write; encrypted-media; gyroscope; picture-in-picture; web-share\" referrerpolicy=\"strict-origin-when-cross-origin\" allowfullscreen><\/iframe><\/p>\n\r\n    <div class=\"lgpd-accordion-group\" id=\"lgpdAccordion6a95192b941e7\">\r\n      <div class=\"lgpd-panel lgpd-panel-default\">\r\n        <div class=\"lgpd-panel-heading\">\r\n          <h4 class=\"lgpd-panel-title\">\r\n            <a data-toggle=\"collapse\" data-parent=\"#lgpdAccordion6a95192b941e7\" href=\"#lgpdCollapselgpdAccordion6a95192b941e7\" onclick=\"toggleAccordionIcon(this);\">\r\n              Distribution <i class=\"fa lgpd-toggle-icon fa-chevron-down\" aria-hidden=\"true\"><\/i>\r\n            <\/a>\r\n          <\/h4>\r\n        <\/div>\r\n        <div id=\"lgpdCollapselgpdAccordion6a95192b941e7\" class=\"lgpd-panel-collapse collapse\">\r\n          <div class=\"lgpd-panel-body\">\r\n            <\/p>\n<p><\/p>\n<p><strong>Id\u00e9e originale, cr\u00e9ation et chor\u00e9graphie:<\/strong> Marco Motta<br \/>\n<strong>Interpr\u00e8te cr\u00e9ateur:<\/strong> Marco Motta<br \/>\n<strong>Musique originale:<\/strong> Yeison Moreno, Dar\u00edo Santamar\u00eda, Marco Motta, Frank David Santiuste<br \/>\n<strong>Musiciens interpr\u00e8tes:<\/strong> J.G.Joshua, Felipe Fiuza, Lucas Rodrigues<br \/>\n<strong>Directeurs artistiques, sc\u00e9nographie et costumes:<\/strong> Julieta Michelon, Marco Motta, Abigail Motta, Ana Motta<br \/>\n<strong>\u00c9clairage et son:<\/strong> Jo\u00e3o Dimas et Euler Oliveira<br \/>\n<strong>Direction technique, r\u00e9gie:<\/strong> Daniel Lacourt<br \/>\n<strong>Production et diffusion:<\/strong> Ma\u00edra Moraes et Julia Henning<br \/>\n<strong>Photographies:<\/strong> Jo\u00e3o Saenger<br \/>\n<strong>Conseil et regard ext\u00e9rieur:<\/strong> MADPAC Asociaci\u00f3n de Profesionales, Artistas y Creadores de Circo de Madrid: Zenaida Alcalde, Mar\u00eda Folguera<br \/>\n<strong>Africa Moment:<\/strong> Ant\u00f3nio Tavares, Elizabete Bety, A\u00efda Colmenero D\u00efaz<br \/>\n<strong>R\u00e9alisation:<\/strong> Instrumento de Ve<b>r<\/b><b><br \/>\n<\/b><\/p>\n<p>\r\n          <\/div>\r\n        <\/div>\r\n      <\/div>\r\n    <\/div>\n","protected":false},"excerpt":{"rendered":"<p>Coletivo Instrumento de Ver BRA[DF] Sam 27.09 &#8211; 21h | Dim 28.09 &#8211; 16h30 | La Grainerie Classification: 12 ans Premi\u00e8re europ\u00e9enne Des masques pour se r\u00e9v\u00e9ler. S\u2019inspirant des chansons Assum Preto de Luiz Gonzaga et Humberto Teixeira et Black Bird de Nina Simone, l\u2019artiste afro-br\u00e9silien Marco Motta revisite la <a class=\"leiamais\" href=\"https:\/\/www.festivaldecircodobrasil.com.br\/2025\/assum-preto\/\">LER NOT\u00cdCIA<\/a><\/p>\n","protected":false},"author":1,"featured_media":17484,"comment_status":"open","ping_status":"open","sticky":false,"template":"","format":"standard","meta":{"_acf_changed":false,"footnotes":""},"categories":[5,12],"tags":[],"class_list":["post-17376","post","type-post","status-publish","format-standard","has-post-thumbnail","hentry","category-franca","category-espetaculos","active"],"acf":[],"_links":{"self":[{"href":"https:\/\/www.festivaldecircodobrasil.com.br\/2025\/wp-json\/wp\/v2\/posts\/17376","targetHints":{"allow":["GET"]}}],"collection":[{"href":"https:\/\/www.festivaldecircodobrasil.com.br\/2025\/wp-json\/wp\/v2\/posts"}],"about":[{"href":"https:\/\/www.festivaldecircodobrasil.com.br\/2025\/wp-json\/wp\/v2\/types\/post"}],"author":[{"embeddable":true,"href":"https:\/\/www.festivaldecircodobrasil.com.br\/2025\/wp-json\/wp\/v2\/users\/1"}],"replies":[{"embeddable":true,"href":"https:\/\/www.festivaldecircodobrasil.com.br\/2025\/wp-json\/wp\/v2\/comments?post=17376"}],"version-history":[{"count":4,"href":"https:\/\/www.festivaldecircodobrasil.com.br\/2025\/wp-json\/wp\/v2\/posts\/17376\/revisions"}],"predecessor-version":[{"id":17596,"href":"https:\/\/www.festivaldecircodobrasil.com.br\/2025\/wp-json\/wp\/v2\/posts\/17376\/revisions\/17596"}],"wp:featuredmedia":[{"embeddable":true,"href":"https:\/\/www.festivaldecircodobrasil.com.br\/2025\/wp-json\/wp\/v2\/media\/17484"}],"wp:attachment":[{"href":"https:\/\/www.festivaldecircodobrasil.com.br\/2025\/wp-json\/wp\/v2\/media?parent=17376"}],"wp:term":[{"taxonomy":"category","embeddable":true,"href":"https:\/\/www.festivaldecircodobrasil.com.br\/2025\/wp-json\/wp\/v2\/categories?post=17376"},{"taxonomy":"post_tag","embeddable":true,"href":"https:\/\/www.festivaldecircodobrasil.com.br\/2025\/wp-json\/wp\/v2\/tags?post=17376"}],"curies":[{"name":"wp","href":"https:\/\/api.w.org\/{rel}","templated":true}]}}