{"id":17392,"date":"2025-08-24T13:20:29","date_gmt":"2025-08-24T16:20:29","guid":{"rendered":"https:\/\/www.festivaldecircodobrasil.com.br\/2025\/?p=17392"},"modified":"2025-09-22T21:29:04","modified_gmt":"2025-09-23T00:29:04","slug":"faminta","status":"publish","type":"post","link":"https:\/\/www.festivaldecircodobrasil.com.br\/2025\/faminta\/","title":{"rendered":"FAMINTA"},"content":{"rendered":"<p><b>Natasha Jascalevich<\/b><b> . BRA[RJ]<\/b><b><br \/>\n<\/b>Ven 26.09 &#8211; 21h\u00a0 | Dim 28.09 &#8211; 19h30 | La Grainerie<br \/>\nClassification: 14 ans<\/p>\n<p><img loading=\"lazy\" decoding=\"async\" class=\"img-responsive aligncenter size-full wp-image-17479\" src=\"https:\/\/www.festivaldecircodobrasil.com.br\/2025\/wp-content\/uploads\/2025\/08\/espetaculo-faminta.jpg\" alt=\"\" width=\"1200\" height=\"770\" srcset=\"https:\/\/www.festivaldecircodobrasil.com.br\/2025\/wp-content\/uploads\/2025\/08\/espetaculo-faminta.jpg 1200w, https:\/\/www.festivaldecircodobrasil.com.br\/2025\/wp-content\/uploads\/2025\/08\/espetaculo-faminta-300x193.jpg 300w, https:\/\/www.festivaldecircodobrasil.com.br\/2025\/wp-content\/uploads\/2025\/08\/espetaculo-faminta-1024x657.jpg 1024w, https:\/\/www.festivaldecircodobrasil.com.br\/2025\/wp-content\/uploads\/2025\/08\/espetaculo-faminta-768x493.jpg 768w\" sizes=\"auto, (max-width: 1200px) 100vw, 1200px\" \/><\/p>\n<p><i>Premi\u00e8res europ\u00e9ennes.<\/i><i><br \/>\n<\/i>Hommage \u00e0 la puissance f\u00e9minine.<\/p>\n<p><i>Faminta<\/i> cela signifie affam\u00e9e. Voici un solo des plus singuliers qui explore la relation entre la nourriture, la violence et le plaisir f\u00e9minin. Natasha Jascalevich invite le public \u00e0 prendre part \u00e0 une recette de cuisine et, au fil de la pr\u00e9paration, r\u00e9v\u00e8le des secrets fantastiques. M\u00ealant exp\u00e9riences personnelles et l\u00e9gendes aphrodisiaques, le spectacle offre une exp\u00e9rience sensorielle o\u00f9 la gourmandise et la luxure guident le voyage d\u2019un personnage \u00e0 la recherche du plaisir.<\/p>\n<p><i>Spectacle en br\u00e9silien surtitr\u00e9 fran\u00e7ais. <\/i>Les repr\u00e9sentations seront suivies d\u2019un bord plateau.<\/p>\n<p>&nbsp;<\/p>\n<p><iframe loading=\"lazy\" title=\"Faminta . Natasha Jascalevich - BRA[RJ]\" width=\"500\" height=\"281\" src=\"https:\/\/www.youtube.com\/embed\/uIbPA-iZoIQ?feature=oembed\" frameborder=\"0\" allow=\"accelerometer; autoplay; clipboard-write; encrypted-media; gyroscope; picture-in-picture; web-share\" referrerpolicy=\"strict-origin-when-cross-origin\" allowfullscreen><\/iframe><\/p>\n\r\n    <div class=\"lgpd-accordion-group\" id=\"lgpdAccordion6a95193cf1455\">\r\n      <div class=\"lgpd-panel lgpd-panel-default\">\r\n        <div class=\"lgpd-panel-heading\">\r\n          <h4 class=\"lgpd-panel-title\">\r\n            <a data-toggle=\"collapse\" data-parent=\"#lgpdAccordion6a95193cf1455\" href=\"#lgpdCollapselgpdAccordion6a95193cf1455\" onclick=\"toggleAccordionIcon(this);\">\r\n              Distribution <i class=\"fa lgpd-toggle-icon fa-chevron-down\" aria-hidden=\"true\"><\/i>\r\n            <\/a>\r\n          <\/h4>\r\n        <\/div>\r\n        <div id=\"lgpdCollapselgpdAccordion6a95193cf1455\" class=\"lgpd-panel-collapse collapse\">\r\n          <div class=\"lgpd-panel-body\">\r\n            <\/p>\n<p><\/p>\n<p>Natasha Jascalevich (auteure et interpr\u00e8te) \/ Duda Maia (mise en sc\u00e8ne) \/ Andr\u00e9 Chaves (production et r\u00e9gie plateau) \/ Azullllllll (cr\u00e9ation sonore et musicale, technique son) \/ Yasmin Lira (technique lumi\u00e8re).<b><br \/>\n<\/b><\/p>\n<p>\r\n          <\/div>\r\n        <\/div>\r\n      <\/div>\r\n    <\/div>\n","protected":false},"excerpt":{"rendered":"<p>Natasha Jascalevich . BRA[RJ] Ven 26.09 &#8211; 21h\u00a0 | Dim 28.09 &#8211; 19h30 | La Grainerie Classification: 14 ans Premi\u00e8res europ\u00e9ennes. Hommage \u00e0 la puissance f\u00e9minine. Faminta cela signifie affam\u00e9e. Voici un solo des plus singuliers qui explore la relation entre la nourriture, la violence et le plaisir f\u00e9minin. Natasha <a class=\"leiamais\" href=\"https:\/\/www.festivaldecircodobrasil.com.br\/2025\/faminta\/\">LER NOT\u00cdCIA<\/a><\/p>\n","protected":false},"author":1,"featured_media":17479,"comment_status":"open","ping_status":"open","sticky":false,"template":"","format":"standard","meta":{"_acf_changed":false,"footnotes":""},"categories":[5,12],"tags":[],"class_list":["post-17392","post","type-post","status-publish","format-standard","has-post-thumbnail","hentry","category-franca","category-espetaculos","active"],"acf":[],"_links":{"self":[{"href":"https:\/\/www.festivaldecircodobrasil.com.br\/2025\/wp-json\/wp\/v2\/posts\/17392","targetHints":{"allow":["GET"]}}],"collection":[{"href":"https:\/\/www.festivaldecircodobrasil.com.br\/2025\/wp-json\/wp\/v2\/posts"}],"about":[{"href":"https:\/\/www.festivaldecircodobrasil.com.br\/2025\/wp-json\/wp\/v2\/types\/post"}],"author":[{"embeddable":true,"href":"https:\/\/www.festivaldecircodobrasil.com.br\/2025\/wp-json\/wp\/v2\/users\/1"}],"replies":[{"embeddable":true,"href":"https:\/\/www.festivaldecircodobrasil.com.br\/2025\/wp-json\/wp\/v2\/comments?post=17392"}],"version-history":[{"count":5,"href":"https:\/\/www.festivaldecircodobrasil.com.br\/2025\/wp-json\/wp\/v2\/posts\/17392\/revisions"}],"predecessor-version":[{"id":17594,"href":"https:\/\/www.festivaldecircodobrasil.com.br\/2025\/wp-json\/wp\/v2\/posts\/17392\/revisions\/17594"}],"wp:featuredmedia":[{"embeddable":true,"href":"https:\/\/www.festivaldecircodobrasil.com.br\/2025\/wp-json\/wp\/v2\/media\/17479"}],"wp:attachment":[{"href":"https:\/\/www.festivaldecircodobrasil.com.br\/2025\/wp-json\/wp\/v2\/media?parent=17392"}],"wp:term":[{"taxonomy":"category","embeddable":true,"href":"https:\/\/www.festivaldecircodobrasil.com.br\/2025\/wp-json\/wp\/v2\/categories?post=17392"},{"taxonomy":"post_tag","embeddable":true,"href":"https:\/\/www.festivaldecircodobrasil.com.br\/2025\/wp-json\/wp\/v2\/tags?post=17392"}],"curies":[{"name":"wp","href":"https:\/\/api.w.org\/{rel}","templated":true}]}}