{"id":17398,"date":"2025-08-24T13:28:49","date_gmt":"2025-08-24T16:28:49","guid":{"rendered":"https:\/\/www.festivaldecircodobrasil.com.br\/2025\/?p=17398"},"modified":"2025-09-22T21:27:24","modified_gmt":"2025-09-23T00:27:24","slug":"o-vazio-e-cheio-de-coisa","status":"publish","type":"post","link":"https:\/\/www.festivaldecircodobrasil.com.br\/2025\/o-vazio-e-cheio-de-coisa\/","title":{"rendered":"O VAZIO \u00c9 CHEIO DE COISA"},"content":{"rendered":"<p><b>Cia N\u00f3s no Bambu . BRA[DF]<\/b><b><br \/>\n<\/b>Ven 26.09 | Sam 27.09 | 19h30\u00a0 | La Grainerie<br \/>\nClassification: 12 ans<\/p>\n<p><img loading=\"lazy\" decoding=\"async\" class=\"img-responsive aligncenter size-full wp-image-17399\" src=\"https:\/\/www.festivaldecircodobrasil.com.br\/2025\/wp-content\/uploads\/2025\/08\/o_vazio.png\" alt=\"\" width=\"1200\" height=\"770\" srcset=\"https:\/\/www.festivaldecircodobrasil.com.br\/2025\/wp-content\/uploads\/2025\/08\/o_vazio.png 1200w, https:\/\/www.festivaldecircodobrasil.com.br\/2025\/wp-content\/uploads\/2025\/08\/o_vazio-300x193.png 300w, https:\/\/www.festivaldecircodobrasil.com.br\/2025\/wp-content\/uploads\/2025\/08\/o_vazio-1024x657.png 1024w, https:\/\/www.festivaldecircodobrasil.com.br\/2025\/wp-content\/uploads\/2025\/08\/o_vazio-768x493.png 768w\" sizes=\"auto, (max-width: 1200px) 100vw, 1200px\" \/><\/p>\n<p><i>Premi\u00e8re europ\u00e9enne<\/i><\/p>\n<p>Dans <i>Le vide est plein de choses<\/i>, Poema M\u00fchlenberg fait l\u2019exp\u00e9rience unique de la relation entre le corps humain et le bambou. Avec pour seul agr\u00e8s un b\u00e2ton de bambou suspendu, l\u2019artiste plonge le public dans un univers \u00e0 la fois po\u00e9tique, brut et minimaliste.<\/p>\n<p>M\u00ealant perche de bambou a\u00e9rienne, perche de bambou diagonale et danse contemporaine, ce spectacle d\u00e9ploie une technique br\u00e9silienne originale dans une performance acrobatique hors-normes.<\/p>\n<p><iframe loading=\"lazy\" title=\"O Vazio \u00e9 Cheio de Coisa . Cia N\u00f3s No Bambu - BRA[DF]\" width=\"500\" height=\"281\" src=\"https:\/\/www.youtube.com\/embed\/ZSoB1px_KMo?feature=oembed\" frameborder=\"0\" allow=\"accelerometer; autoplay; clipboard-write; encrypted-media; gyroscope; picture-in-picture; web-share\" referrerpolicy=\"strict-origin-when-cross-origin\" allowfullscreen><\/iframe><\/p>\n\r\n    <div class=\"lgpd-accordion-group\" id=\"lgpdAccordion6a95192c17711\">\r\n      <div class=\"lgpd-panel lgpd-panel-default\">\r\n        <div class=\"lgpd-panel-heading\">\r\n          <h4 class=\"lgpd-panel-title\">\r\n            <a data-toggle=\"collapse\" data-parent=\"#lgpdAccordion6a95192c17711\" href=\"#lgpdCollapselgpdAccordion6a95192c17711\" onclick=\"toggleAccordionIcon(this);\">\r\n              Distribution <i class=\"fa lgpd-toggle-icon fa-chevron-down\" aria-hidden=\"true\"><\/i>\r\n            <\/a>\r\n          <\/h4>\r\n        <\/div>\r\n        <div id=\"lgpdCollapselgpdAccordion6a95192c17711\" class=\"lgpd-panel-collapse collapse\">\r\n          <div class=\"lgpd-panel-body\">\r\n            <\/p>\n<p><\/p>\n<p><strong>Conception:<\/strong> Poema M\u00fchlenberg et Edson Beserra<br \/>\n<strong>Interpr\u00e8te cr\u00e9atrice:<\/strong> Poema M\u00fchlenberg<br \/>\n<strong>Metteur en sc\u00e8ne:<\/strong> Edson Beserra<br \/>\n<strong>Chor\u00e9graphie:<\/strong> Edson Beserra et Poema M\u00fchlenberg<br \/>\n<strong>Collaboration Chor\u00e9graphique:<\/strong> Ana Fl\u00e1via Almeida<br \/>\n<strong>Sc\u00e9nographie et Artisanat en Bambou:<\/strong> Poema M\u00fchlenberg<br \/>\n<strong>Direction Musicale:<\/strong> Samuel Mota<br \/>\n<strong>Lumi\u00e8res:<\/strong> Emmanuel Queiroz<br \/>\n<strong>Costumes:<\/strong>\u00a0Poema M\u00fchlenberg<br \/>\n<strong>Pr\u00e9paration du corps<\/strong>\u00a0Pratique Movimento<br \/>\n<strong>Photographie:<\/strong> Diego Bresani<br \/>\n<strong>Audiovisuel:<\/strong> Mills Audiovisual e Est\u00fadio Carbono<br \/>\n<strong>Programmation Visuelle:<\/strong> Daniel Grilo<br \/>\n<strong>\u00c9laboration de projet:<\/strong> Liane Maria M\u00fchlenberg e Giseli Tressi<br \/>\n<strong>Production ex\u00e9cutive:<\/strong> Anamaria M\u00fchlenberg<br \/>\n<strong>Production:<\/strong> Galp\u00e3o Bambu \u2013 espa\u00e7o de cria\u00e7\u00e3o<br \/>\n<strong>R\u00e9alisation:<\/strong> Cie N\u00f3s No Bambu<\/p>\n<p><b>\u00a0<\/b>\r\n          <\/div>\r\n        <\/div>\r\n      <\/div>\r\n    <\/div>\n","protected":false},"excerpt":{"rendered":"<p>Cia N\u00f3s no Bambu . BRA[DF] Ven 26.09 | Sam 27.09 | 19h30\u00a0 | La Grainerie Classification: 12 ans Premi\u00e8re europ\u00e9enne Dans Le vide est plein de choses, Poema M\u00fchlenberg fait l\u2019exp\u00e9rience unique de la relation entre le corps humain et le bambou. Avec pour seul agr\u00e8s un b\u00e2ton de <a class=\"leiamais\" href=\"https:\/\/www.festivaldecircodobrasil.com.br\/2025\/o-vazio-e-cheio-de-coisa\/\">LER NOT\u00cdCIA<\/a><\/p>\n","protected":false},"author":1,"featured_media":17476,"comment_status":"open","ping_status":"open","sticky":false,"template":"","format":"standard","meta":{"_acf_changed":false,"footnotes":""},"categories":[5,12],"tags":[],"class_list":["post-17398","post","type-post","status-publish","format-standard","has-post-thumbnail","hentry","category-franca","category-espetaculos","active"],"acf":[],"_links":{"self":[{"href":"https:\/\/www.festivaldecircodobrasil.com.br\/2025\/wp-json\/wp\/v2\/posts\/17398","targetHints":{"allow":["GET"]}}],"collection":[{"href":"https:\/\/www.festivaldecircodobrasil.com.br\/2025\/wp-json\/wp\/v2\/posts"}],"about":[{"href":"https:\/\/www.festivaldecircodobrasil.com.br\/2025\/wp-json\/wp\/v2\/types\/post"}],"author":[{"embeddable":true,"href":"https:\/\/www.festivaldecircodobrasil.com.br\/2025\/wp-json\/wp\/v2\/users\/1"}],"replies":[{"embeddable":true,"href":"https:\/\/www.festivaldecircodobrasil.com.br\/2025\/wp-json\/wp\/v2\/comments?post=17398"}],"version-history":[{"count":7,"href":"https:\/\/www.festivaldecircodobrasil.com.br\/2025\/wp-json\/wp\/v2\/posts\/17398\/revisions"}],"predecessor-version":[{"id":17593,"href":"https:\/\/www.festivaldecircodobrasil.com.br\/2025\/wp-json\/wp\/v2\/posts\/17398\/revisions\/17593"}],"wp:featuredmedia":[{"embeddable":true,"href":"https:\/\/www.festivaldecircodobrasil.com.br\/2025\/wp-json\/wp\/v2\/media\/17476"}],"wp:attachment":[{"href":"https:\/\/www.festivaldecircodobrasil.com.br\/2025\/wp-json\/wp\/v2\/media?parent=17398"}],"wp:term":[{"taxonomy":"category","embeddable":true,"href":"https:\/\/www.festivaldecircodobrasil.com.br\/2025\/wp-json\/wp\/v2\/categories?post=17398"},{"taxonomy":"post_tag","embeddable":true,"href":"https:\/\/www.festivaldecircodobrasil.com.br\/2025\/wp-json\/wp\/v2\/tags?post=17398"}],"curies":[{"name":"wp","href":"https:\/\/api.w.org\/{rel}","templated":true}]}}