{"id":17401,"date":"2025-08-24T13:34:53","date_gmt":"2025-08-24T16:34:53","guid":{"rendered":"https:\/\/www.festivaldecircodobrasil.com.br\/2025\/?p=17401"},"modified":"2025-09-21T22:06:24","modified_gmt":"2025-09-22T01:06:24","slug":"idees-pour-retarder-la-fin-du-monde","status":"publish","type":"post","link":"https:\/\/www.festivaldecircodobrasil.com.br\/2025\/idees-pour-retarder-la-fin-du-monde\/","title":{"rendered":"ID\u00c9ES POUR RETARDER LA FIN DU MONDE"},"content":{"rendered":"<p><b>Aldeia de Tous . BRA-FRA<\/b><b><br \/>\n<\/b>Mer<b>\u00a0\u00a0<\/b>24.09 &#8211; 17h30 |\u00a0 La Grainerie<br \/>\nSam 27.09 &#8211; 15h | Jardim de Vidailhan<br \/>\nClassification: Tout public<\/p>\n<p><img loading=\"lazy\" decoding=\"async\" class=\"img-responsive alignnone wp-image-17473 size-full\" src=\"https:\/\/www.festivaldecircodobrasil.com.br\/2025\/wp-content\/uploads\/2025\/08\/espetaculo-idees.jpg\" alt=\"\" width=\"1200\" height=\"770\" srcset=\"https:\/\/www.festivaldecircodobrasil.com.br\/2025\/wp-content\/uploads\/2025\/08\/espetaculo-idees.jpg 1200w, https:\/\/www.festivaldecircodobrasil.com.br\/2025\/wp-content\/uploads\/2025\/08\/espetaculo-idees-300x193.jpg 300w, https:\/\/www.festivaldecircodobrasil.com.br\/2025\/wp-content\/uploads\/2025\/08\/espetaculo-idees-1024x657.jpg 1024w, https:\/\/www.festivaldecircodobrasil.com.br\/2025\/wp-content\/uploads\/2025\/08\/espetaculo-idees-768x493.jpg 768w\" sizes=\"auto, (max-width: 1200px) 100vw, 1200px\" \/><\/p>\n<p>Laboratoire artistique inspir\u00e9 par le travail de Ailton Krenak.<\/p>\n<p><i>Aldeia de tous<\/i> est un n\u00e9ologisme m\u00ealant le portugais et le fran\u00e7ais : \u00ab Aldeia \u00bb (le village) fait r\u00e9f\u00e9rence aux localit\u00e9s des peuples natifs au Br\u00e9sil. <i>Aldeia de tous<\/i> c\u2019est une exp\u00e9rimentation qui propose \u00e0 six jeunes artistes et deux chor\u00e9graphes de France et du Br\u00e9sil (Nicanor de Elia et Duda Maia) d\u2019entamer un dialogue des cultures, des imaginaires et des cirques.<\/p>\n<p><span style=\"font-weight: 400;\">Avec le parrainage de Ailton Krenak, activiste et \u00e9crivain Br\u00e9silien,<\/span><span style=\"font-weight: 400;\"> ils vous donnent<\/span><span style=\"font-weight: 400;\"> rendez-vous pour partager le fruit de cette rencontre.<\/span><\/p>\n\r\n    <div class=\"lgpd-accordion-group\" id=\"lgpdAccordion6a95197ca46ab\">\r\n      <div class=\"lgpd-panel lgpd-panel-default\">\r\n        <div class=\"lgpd-panel-heading\">\r\n          <h4 class=\"lgpd-panel-title\">\r\n            <a data-toggle=\"collapse\" data-parent=\"#lgpdAccordion6a95197ca46ab\" href=\"#lgpdCollapselgpdAccordion6a95197ca46ab\" onclick=\"toggleAccordionIcon(this);\">\r\n              Distribution <i class=\"fa lgpd-toggle-icon fa-chevron-down\" aria-hidden=\"true\"><\/i>\r\n            <\/a>\r\n          <\/h4>\r\n        <\/div>\r\n        <div id=\"lgpdCollapselgpdAccordion6a95197ca46ab\" class=\"lgpd-panel-collapse collapse\">\r\n          <div class=\"lgpd-panel-body\">\r\n            <\/p>\n<p><\/p>\n<p><span style=\"font-weight: 400\"><strong>Direction artistique:<\/strong> Duda Maia &amp; Nicanor de Elia<\/span><span style=\"font-weight: 400\"><br \/>\n<\/span><span style=\"font-weight: 400\"><strong>Artistes interpr\u00e8tes:<\/strong> Marcio S\u00e1, Main\u00e1 Souza, Beatriz Nascimento, Meara Roach, Nicolas Moreno e Magdalena Hidalgo Witker.<\/span><\/p>\n<p>\r\n          <\/div>\r\n        <\/div>\r\n      <\/div>\r\n    <\/div>\n","protected":false},"excerpt":{"rendered":"<p>Aldeia de Tous . BRA-FRA Mer\u00a0\u00a024.09 &#8211; 17h30 |\u00a0 La Grainerie Sam 27.09 &#8211; 15h | Jardim de Vidailhan Classification: Tout public Laboratoire artistique inspir\u00e9 par le travail de Ailton Krenak. Aldeia de tous est un n\u00e9ologisme m\u00ealant le portugais et le fran\u00e7ais : \u00ab Aldeia \u00bb (le village) fait <a class=\"leiamais\" href=\"https:\/\/www.festivaldecircodobrasil.com.br\/2025\/idees-pour-retarder-la-fin-du-monde\/\">LER NOT\u00cdCIA<\/a><\/p>\n","protected":false},"author":1,"featured_media":17473,"comment_status":"open","ping_status":"open","sticky":false,"template":"","format":"standard","meta":{"_acf_changed":false,"footnotes":""},"categories":[5,12],"tags":[],"class_list":["post-17401","post","type-post","status-publish","format-standard","has-post-thumbnail","hentry","category-franca","category-espetaculos","active"],"acf":[],"_links":{"self":[{"href":"https:\/\/www.festivaldecircodobrasil.com.br\/2025\/wp-json\/wp\/v2\/posts\/17401","targetHints":{"allow":["GET"]}}],"collection":[{"href":"https:\/\/www.festivaldecircodobrasil.com.br\/2025\/wp-json\/wp\/v2\/posts"}],"about":[{"href":"https:\/\/www.festivaldecircodobrasil.com.br\/2025\/wp-json\/wp\/v2\/types\/post"}],"author":[{"embeddable":true,"href":"https:\/\/www.festivaldecircodobrasil.com.br\/2025\/wp-json\/wp\/v2\/users\/1"}],"replies":[{"embeddable":true,"href":"https:\/\/www.festivaldecircodobrasil.com.br\/2025\/wp-json\/wp\/v2\/comments?post=17401"}],"version-history":[{"count":7,"href":"https:\/\/www.festivaldecircodobrasil.com.br\/2025\/wp-json\/wp\/v2\/posts\/17401\/revisions"}],"predecessor-version":[{"id":17588,"href":"https:\/\/www.festivaldecircodobrasil.com.br\/2025\/wp-json\/wp\/v2\/posts\/17401\/revisions\/17588"}],"wp:featuredmedia":[{"embeddable":true,"href":"https:\/\/www.festivaldecircodobrasil.com.br\/2025\/wp-json\/wp\/v2\/media\/17473"}],"wp:attachment":[{"href":"https:\/\/www.festivaldecircodobrasil.com.br\/2025\/wp-json\/wp\/v2\/media?parent=17401"}],"wp:term":[{"taxonomy":"category","embeddable":true,"href":"https:\/\/www.festivaldecircodobrasil.com.br\/2025\/wp-json\/wp\/v2\/categories?post=17401"},{"taxonomy":"post_tag","embeddable":true,"href":"https:\/\/www.festivaldecircodobrasil.com.br\/2025\/wp-json\/wp\/v2\/tags?post=17401"}],"curies":[{"name":"wp","href":"https:\/\/api.w.org\/{rel}","templated":true}]}}