{"id":17403,"date":"2025-08-24T13:42:02","date_gmt":"2025-08-24T16:42:02","guid":{"rendered":"https:\/\/www.festivaldecircodobrasil.com.br\/2025\/?p=17403"},"modified":"2025-09-21T22:08:07","modified_gmt":"2025-09-22T01:08:07","slug":"concert-forroccitania","status":"publish","type":"post","link":"https:\/\/www.festivaldecircodobrasil.com.br\/2025\/concert-forroccitania\/","title":{"rendered":"CONCERT FORROCCIT\u00c0NIA: SILV\u00c9RIO PESSOA E LA TALVERA"},"content":{"rendered":"<p><b>Silv\u00e9rio Pessoa . BRA[PE] &amp; La Talvera . FRA<\/b><b><br \/>\n<\/b>Sam 27.09 &#8211; 18h | La Grainerie<br \/>\nClassification: Tout public \/ Livre<\/p>\n<p><img loading=\"lazy\" decoding=\"async\" class=\"img-responsive alignnone wp-image-17559 size-full\" src=\"https:\/\/www.festivaldecircodobrasil.com.br\/2025\/wp-content\/uploads\/2025\/08\/02_Silverio-Pessoa-e-Grupo-La-Talvera_Marc-Regnier.jpg\" alt=\"\" width=\"2048\" height=\"1360\" srcset=\"https:\/\/www.festivaldecircodobrasil.com.br\/2025\/wp-content\/uploads\/2025\/08\/02_Silverio-Pessoa-e-Grupo-La-Talvera_Marc-Regnier.jpg 2048w, https:\/\/www.festivaldecircodobrasil.com.br\/2025\/wp-content\/uploads\/2025\/08\/02_Silverio-Pessoa-e-Grupo-La-Talvera_Marc-Regnier-300x199.jpg 300w, https:\/\/www.festivaldecircodobrasil.com.br\/2025\/wp-content\/uploads\/2025\/08\/02_Silverio-Pessoa-e-Grupo-La-Talvera_Marc-Regnier-1024x680.jpg 1024w, https:\/\/www.festivaldecircodobrasil.com.br\/2025\/wp-content\/uploads\/2025\/08\/02_Silverio-Pessoa-e-Grupo-La-Talvera_Marc-Regnier-768x510.jpg 768w, https:\/\/www.festivaldecircodobrasil.com.br\/2025\/wp-content\/uploads\/2025\/08\/02_Silverio-Pessoa-e-Grupo-La-Talvera_Marc-Regnier-1536x1020.jpg 1536w\" sizes=\"auto, (max-width: 2048px) 100vw, 2048px\" \/><\/p>\n<p><span style=\"font-weight: 400;\">Depuis plus de 20 ans, la culture du nord-est br\u00e9silien, plus pr\u00e9cis\u00e9ment celle de Pernambuco, dialogue avec la culture occitane, du sud de la France, gr\u00e2ce au partenariat entre le musicien de Pernambouc Silv\u00e9rio Pessoa et le groupe fran\u00e7ais La Talvera. Ce travail de fusion des cultures a abouti en 2012 \u00e0 la sortie de l&#8217;album ForrOccit\u00e0nia, v\u00e9ritable pont entre la musique, le forr\u00f3, la po\u00e9sie et la danse occitanes et nord-est br\u00e9siliennes. Pour c\u00e9l\u00e9brer ce partenariat, le Concert ForrOccit\u00e0nia r\u00e9unira une fois de plus Silv\u00e9rio Pessoa, accompagn\u00e9 du trio P\u00e9 de Serra, et le groupe La Talavera pour pr\u00e9senter ce spectacle unique qui m\u00eale hybridisme musical, dialogues entre accord\u00e9ons diatoniques et chromatiques, fl\u00fbtes m\u00e9di\u00e9vales, viole <\/span><span style=\"font-weight: 400;\">\u00e0<\/span><span style=\"font-weight: 400;\"> 12 cordes du nord-est, textes sur la culture de chaque peuple dans diff\u00e9rentes langues. Le trio qui accompagne Silv\u00e9rio dans ce spectacle est compos\u00e9 de deux musiciens du Nord-est, Lucas Dan, originaire de Para\u00edba, \u00e0 l&#8217;accord\u00e9on, et Thiago Rad, originaire de Pernambouc, \u00e0 la guitare, ainsi que Benjamin Ruschi, \u00e9galement\u00a0 originaire de Pernambouc et r\u00e9sidant en France, \u00e0 la zabumba et aux percussions.<\/span><\/p>\n<p><img loading=\"lazy\" decoding=\"async\" class=\"img-responsive alignnone wp-image-17560 size-full\" src=\"https:\/\/www.festivaldecircodobrasil.com.br\/2025\/wp-content\/uploads\/2025\/08\/01_Silverio-Pessoa-e-Grupo-La-Talvera_Marc-Regnier.jpg\" alt=\"\" width=\"2048\" height=\"1360\" srcset=\"https:\/\/www.festivaldecircodobrasil.com.br\/2025\/wp-content\/uploads\/2025\/08\/01_Silverio-Pessoa-e-Grupo-La-Talvera_Marc-Regnier.jpg 2048w, https:\/\/www.festivaldecircodobrasil.com.br\/2025\/wp-content\/uploads\/2025\/08\/01_Silverio-Pessoa-e-Grupo-La-Talvera_Marc-Regnier-300x199.jpg 300w, https:\/\/www.festivaldecircodobrasil.com.br\/2025\/wp-content\/uploads\/2025\/08\/01_Silverio-Pessoa-e-Grupo-La-Talvera_Marc-Regnier-1024x680.jpg 1024w, https:\/\/www.festivaldecircodobrasil.com.br\/2025\/wp-content\/uploads\/2025\/08\/01_Silverio-Pessoa-e-Grupo-La-Talvera_Marc-Regnier-768x510.jpg 768w, https:\/\/www.festivaldecircodobrasil.com.br\/2025\/wp-content\/uploads\/2025\/08\/01_Silverio-Pessoa-e-Grupo-La-Talvera_Marc-Regnier-1536x1020.jpg 1536w\" sizes=\"auto, (max-width: 2048px) 100vw, 2048px\" \/><\/p>\n<p>&nbsp;<\/p>\n\r\n    <div class=\"lgpd-accordion-group\" id=\"lgpdAccordion6a95197be1ce0\">\r\n      <div class=\"lgpd-panel lgpd-panel-default\">\r\n        <div class=\"lgpd-panel-heading\">\r\n          <h4 class=\"lgpd-panel-title\">\r\n            <a data-toggle=\"collapse\" data-parent=\"#lgpdAccordion6a95197be1ce0\" href=\"#lgpdCollapselgpdAccordion6a95197be1ce0\" onclick=\"toggleAccordionIcon(this);\">\r\n              Distribution <i class=\"fa lgpd-toggle-icon fa-chevron-down\" aria-hidden=\"true\"><\/i>\r\n            <\/a>\r\n          <\/h4>\r\n        <\/div>\r\n        <div id=\"lgpdCollapselgpdAccordion6a95197be1ce0\" class=\"lgpd-panel-collapse collapse\">\r\n          <div class=\"lgpd-panel-body\">\r\n            <\/p>\n<p><\/p>\n<p><em><strong>Silv\u00e9rio Pessoa et musiciens<\/strong><\/em><br \/>\n<strong>Chant, musicien et compositeur:<\/strong> Silv\u00e9rio Pessoa<br \/>\n<strong>Accord\u00e9on:<\/strong> Lucas Dan<br \/>\n<strong>Viola:<\/strong> Thiago Rad<br \/>\n<strong>Zabumba et percussions:<\/strong> Benjamin Ruschi<\/p>\n<p><strong><i>La Talvera<\/i><\/strong><br \/>\n<strong>Chant, compositeur, craba (cornemuse) et accord\u00e9on:<\/strong> Daniel Loddo<br \/>\n<strong>Chanteur, pifre (fl\u00fbte) et graile (hautbois):<\/strong> C\u00e9line Ricard<br \/>\n<strong>Chanteur et violin:<\/strong> Aelis Loddo<br \/>\n<strong>Son:<\/strong> Mathieu Phaurre<\/p>\n<p>\r\n          <\/div>\r\n        <\/div>\r\n      <\/div>\r\n    <\/div>\n","protected":false},"excerpt":{"rendered":"<p>Silv\u00e9rio Pessoa . BRA[PE] &amp; La Talvera . FRA Sam 27.09 &#8211; 18h | La Grainerie Classification: Tout public \/ Livre Depuis plus de 20 ans, la culture du nord-est br\u00e9silien, plus pr\u00e9cis\u00e9ment celle de Pernambuco, dialogue avec la culture occitane, du sud de la France, gr\u00e2ce au partenariat entre <a class=\"leiamais\" href=\"https:\/\/www.festivaldecircodobrasil.com.br\/2025\/concert-forroccitania\/\">LER NOT\u00cdCIA<\/a><\/p>\n","protected":false},"author":1,"featured_media":17489,"comment_status":"open","ping_status":"open","sticky":false,"template":"","format":"standard","meta":{"_acf_changed":false,"footnotes":""},"categories":[5,11],"tags":[],"class_list":["post-17403","post","type-post","status-publish","format-standard","has-post-thumbnail","hentry","category-franca","category-mais","active"],"acf":[],"_links":{"self":[{"href":"https:\/\/www.festivaldecircodobrasil.com.br\/2025\/wp-json\/wp\/v2\/posts\/17403","targetHints":{"allow":["GET"]}}],"collection":[{"href":"https:\/\/www.festivaldecircodobrasil.com.br\/2025\/wp-json\/wp\/v2\/posts"}],"about":[{"href":"https:\/\/www.festivaldecircodobrasil.com.br\/2025\/wp-json\/wp\/v2\/types\/post"}],"author":[{"embeddable":true,"href":"https:\/\/www.festivaldecircodobrasil.com.br\/2025\/wp-json\/wp\/v2\/users\/1"}],"replies":[{"embeddable":true,"href":"https:\/\/www.festivaldecircodobrasil.com.br\/2025\/wp-json\/wp\/v2\/comments?post=17403"}],"version-history":[{"count":7,"href":"https:\/\/www.festivaldecircodobrasil.com.br\/2025\/wp-json\/wp\/v2\/posts\/17403\/revisions"}],"predecessor-version":[{"id":17589,"href":"https:\/\/www.festivaldecircodobrasil.com.br\/2025\/wp-json\/wp\/v2\/posts\/17403\/revisions\/17589"}],"wp:featuredmedia":[{"embeddable":true,"href":"https:\/\/www.festivaldecircodobrasil.com.br\/2025\/wp-json\/wp\/v2\/media\/17489"}],"wp:attachment":[{"href":"https:\/\/www.festivaldecircodobrasil.com.br\/2025\/wp-json\/wp\/v2\/media?parent=17403"}],"wp:term":[{"taxonomy":"category","embeddable":true,"href":"https:\/\/www.festivaldecircodobrasil.com.br\/2025\/wp-json\/wp\/v2\/categories?post=17403"},{"taxonomy":"post_tag","embeddable":true,"href":"https:\/\/www.festivaldecircodobrasil.com.br\/2025\/wp-json\/wp\/v2\/tags?post=17403"}],"curies":[{"name":"wp","href":"https:\/\/api.w.org\/{rel}","templated":true}]}}