{"id":17409,"date":"2025-08-24T13:49:30","date_gmt":"2025-08-24T16:49:30","guid":{"rendered":"https:\/\/www.festivaldecircodobrasil.com.br\/2025\/?p=17409"},"modified":"2025-09-15T15:38:21","modified_gmt":"2025-09-15T18:38:21","slug":"pernambuco-chez-toulouse","status":"publish","type":"post","link":"https:\/\/www.festivaldecircodobrasil.com.br\/2025\/pernambuco-chez-toulouse\/","title":{"rendered":"PERNAMBUCO CHEZ TOULOUSE"},"content":{"rendered":"<p><b>Chef C\u00e9sar Santos <\/b><b>BRA[PE] et Emanuel Broda-Morhange FRA<\/b><b><br \/>\n<\/b>24 au 28.09 | Restaurant Les Cornichons (La Grainerie)<b><br \/>\n<\/b>Classification: Tout public<\/p>\n<p><img loading=\"lazy\" decoding=\"async\" class=\"img-responsive aligncenter size-full wp-image-17499\" src=\"https:\/\/www.festivaldecircodobrasil.com.br\/2025\/wp-content\/uploads\/2025\/08\/espetaculo-chez.jpg\" alt=\"\" width=\"1200\" height=\"770\" srcset=\"https:\/\/www.festivaldecircodobrasil.com.br\/2025\/wp-content\/uploads\/2025\/08\/espetaculo-chez.jpg 1200w, https:\/\/www.festivaldecircodobrasil.com.br\/2025\/wp-content\/uploads\/2025\/08\/espetaculo-chez-300x193.jpg 300w, https:\/\/www.festivaldecircodobrasil.com.br\/2025\/wp-content\/uploads\/2025\/08\/espetaculo-chez-1024x657.jpg 1024w, https:\/\/www.festivaldecircodobrasil.com.br\/2025\/wp-content\/uploads\/2025\/08\/espetaculo-chez-768x493.jpg 768w\" sizes=\"auto, (max-width: 1200px) 100vw, 1200px\" \/><\/p>\n<p><b><br \/>\n<\/b>Le chef C\u00e9sar Santos, ambassadeur de la gastronomie du Pernambouc, aller \u00e0 Toulouse pour une r\u00e9sidence culinaire et collaboration gastronomique avec Emmanuel Broda-Morhange, chef du restaurant Les Cornichons qui officie chaque jour dans ses murs.<\/p>\n<p>Dans son restaurant Oficina do Sabor \u00e0 Olinda, C\u00e9sar Santos a d\u00e9velopp\u00e9 un style particulier pour revisiter avec cr\u00e9ativit\u00e9 les plats et les ingr\u00e9dients de la cuisine traditionnelle du Nordeste br\u00e9silien. Pernambuco Chez Toulouse vous proposera une cuisine toulousaine-pernambuco cr\u00e9ative et unique.<\/p>\n<p>\u00c0 n\u2019en pas douter la rencontre avec une cuisine saisonni\u00e8re et aux accent m\u00e9diterran\u00e9ens promet de l\u2019\u00e9tonnement gustatif, des mix de couleurs et de saveurs et, surtout, le r\u00e9gal de nos papilles.<\/p>\n<p>&nbsp;<\/p>\n\r\n    <div class=\"lgpd-accordion-group\" id=\"lgpdAccordion6a95197bbf9a5\">\r\n      <div class=\"lgpd-panel lgpd-panel-default\">\r\n        <div class=\"lgpd-panel-heading\">\r\n          <h4 class=\"lgpd-panel-title\">\r\n            <a data-toggle=\"collapse\" data-parent=\"#lgpdAccordion6a95197bbf9a5\" href=\"#lgpdCollapselgpdAccordion6a95197bbf9a5\" onclick=\"toggleAccordionIcon(this);\">\r\n              Distribution <i class=\"fa lgpd-toggle-icon fa-chevron-down\" aria-hidden=\"true\"><\/i>\r\n            <\/a>\r\n          <\/h4>\r\n        <\/div>\r\n        <div id=\"lgpdCollapselgpdAccordion6a95197bbf9a5\" class=\"lgpd-panel-collapse collapse\">\r\n          <div class=\"lgpd-panel-body\">\r\n            <\/p>\n<p><\/p>\n<p><strong>Chef C\u00e9sar Santos<\/strong><br \/>\n<strong>Chef Emanuel<\/strong> <strong>Broda-Morhange<\/strong><\/p>\n<p>\r\n          <\/div>\r\n        <\/div>\r\n      <\/div>\r\n    <\/div>\n","protected":false},"excerpt":{"rendered":"<p>Chef C\u00e9sar Santos BRA[PE] et Emanuel Broda-Morhange FRA 24 au 28.09 | Restaurant Les Cornichons (La Grainerie) Classification: Tout public Le chef C\u00e9sar Santos, ambassadeur de la gastronomie du Pernambouc, aller \u00e0 Toulouse pour une r\u00e9sidence culinaire et collaboration gastronomique avec Emmanuel Broda-Morhange, chef du restaurant Les Cornichons qui officie <a class=\"leiamais\" href=\"https:\/\/www.festivaldecircodobrasil.com.br\/2025\/pernambuco-chez-toulouse\/\">LER NOT\u00cdCIA<\/a><\/p>\n","protected":false},"author":1,"featured_media":17499,"comment_status":"open","ping_status":"open","sticky":false,"template":"","format":"standard","meta":{"_acf_changed":false,"footnotes":""},"categories":[5,11],"tags":[],"class_list":["post-17409","post","type-post","status-publish","format-standard","has-post-thumbnail","hentry","category-franca","category-mais","active"],"acf":[],"_links":{"self":[{"href":"https:\/\/www.festivaldecircodobrasil.com.br\/2025\/wp-json\/wp\/v2\/posts\/17409","targetHints":{"allow":["GET"]}}],"collection":[{"href":"https:\/\/www.festivaldecircodobrasil.com.br\/2025\/wp-json\/wp\/v2\/posts"}],"about":[{"href":"https:\/\/www.festivaldecircodobrasil.com.br\/2025\/wp-json\/wp\/v2\/types\/post"}],"author":[{"embeddable":true,"href":"https:\/\/www.festivaldecircodobrasil.com.br\/2025\/wp-json\/wp\/v2\/users\/1"}],"replies":[{"embeddable":true,"href":"https:\/\/www.festivaldecircodobrasil.com.br\/2025\/wp-json\/wp\/v2\/comments?post=17409"}],"version-history":[{"count":4,"href":"https:\/\/www.festivaldecircodobrasil.com.br\/2025\/wp-json\/wp\/v2\/posts\/17409\/revisions"}],"predecessor-version":[{"id":17556,"href":"https:\/\/www.festivaldecircodobrasil.com.br\/2025\/wp-json\/wp\/v2\/posts\/17409\/revisions\/17556"}],"wp:featuredmedia":[{"embeddable":true,"href":"https:\/\/www.festivaldecircodobrasil.com.br\/2025\/wp-json\/wp\/v2\/media\/17499"}],"wp:attachment":[{"href":"https:\/\/www.festivaldecircodobrasil.com.br\/2025\/wp-json\/wp\/v2\/media?parent=17409"}],"wp:term":[{"taxonomy":"category","embeddable":true,"href":"https:\/\/www.festivaldecircodobrasil.com.br\/2025\/wp-json\/wp\/v2\/categories?post=17409"},{"taxonomy":"post_tag","embeddable":true,"href":"https:\/\/www.festivaldecircodobrasil.com.br\/2025\/wp-json\/wp\/v2\/tags?post=17409"}],"curies":[{"name":"wp","href":"https:\/\/api.w.org\/{rel}","templated":true}]}}