{"id":17486,"date":"2025-09-10T18:23:48","date_gmt":"2025-09-10T21:23:48","guid":{"rendered":"https:\/\/www.festivaldecircodobrasil.com.br\/2025\/?p=17486"},"modified":"2025-09-15T15:22:04","modified_gmt":"2025-09-15T18:22:04","slug":"cine-circo","status":"publish","type":"post","link":"https:\/\/www.festivaldecircodobrasil.com.br\/2025\/cine-circo\/","title":{"rendered":"CINE CIRCO"},"content":{"rendered":"<p><b>Coletivo Instrumento de Ver <\/b><b>BRA[DF]<\/b><b><br \/>\n<\/b>Ven 25.09 | \u00c9sacto\u2019Lido<br \/>\nClassification: Tout public<\/p>\n<p><b><img loading=\"lazy\" decoding=\"async\" class=\"img-responsive aligncenter size-full wp-image-17487\" src=\"https:\/\/www.festivaldecircodobrasil.com.br\/2025\/wp-content\/uploads\/2025\/09\/espetaculo-cinecirco.jpg\" alt=\"\" width=\"1200\" height=\"770\" srcset=\"https:\/\/www.festivaldecircodobrasil.com.br\/2025\/wp-content\/uploads\/2025\/09\/espetaculo-cinecirco.jpg 1200w, https:\/\/www.festivaldecircodobrasil.com.br\/2025\/wp-content\/uploads\/2025\/09\/espetaculo-cinecirco-300x193.jpg 300w, https:\/\/www.festivaldecircodobrasil.com.br\/2025\/wp-content\/uploads\/2025\/09\/espetaculo-cinecirco-1024x657.jpg 1024w, https:\/\/www.festivaldecircodobrasil.com.br\/2025\/wp-content\/uploads\/2025\/09\/espetaculo-cinecirco-768x493.jpg 768w\" sizes=\"auto, (max-width: 1200px) 100vw, 1200px\" \/><\/b><\/p>\n<p>&nbsp;<\/p>\n<p>Pr\u00e9sentation exclusive des courts-m\u00e9trages du Collectif Instrumento de Ver. Quatre courts m\u00e9trages seront pr\u00e9sent\u00e9s, suivis d&#8217;une discussion avec le public afin de partager le processus cr\u00e9atif.<\/p>\n<p>Les id\u00e9es qui s&#8217;entrem\u00ealent entre le cirque et les langages audiovisuels seront abord\u00e9es, ainsi que les adaptations n\u00e9cessaires, la gen\u00e8se de chaque \u0153uvre, leurs trajectoires respectives et les ressources techniques n\u00e9cessaires. Ce sera un point de rencontre pour d\u00e9couvrir l&#8217;univers du collectif de l&#8217;int\u00e9rieur et discuter des liens entre le corps, l&#8217;image et la cr\u00e9ation artistique.<\/p>\n<p><b>Assum Preto<\/b> &#8211; Dur\u00e9e 04 minutes<br \/>\n<b>Homem Banco<\/b> &#8211; Dur\u00e9e 12 minutes<br \/>\n<b>Exufrida<\/b> &#8211; Dur\u00e9e 07 minutes<br \/>\n<b>23 Fragmentos<\/b> &#8211; Dur\u00e9e 05 minutes<\/p>\n<p><em>*Projection suivie d&#8217;une discussion.<\/em><\/p>\n<p>&nbsp;<\/p>\n\r\n    <div class=\"lgpd-accordion-group\" id=\"lgpdAccordion6a95192a47a0d\">\r\n      <div class=\"lgpd-panel lgpd-panel-default\">\r\n        <div class=\"lgpd-panel-heading\">\r\n          <h4 class=\"lgpd-panel-title\">\r\n            <a data-toggle=\"collapse\" data-parent=\"#lgpdAccordion6a95192a47a0d\" href=\"#lgpdCollapselgpdAccordion6a95192a47a0d\" onclick=\"toggleAccordionIcon(this);\">\r\n              Distribution <i class=\"fa lgpd-toggle-icon fa-chevron-down\" aria-hidden=\"true\"><\/i>\r\n            <\/a>\r\n          <\/h4>\r\n        <\/div>\r\n        <div id=\"lgpdCollapselgpdAccordion6a95192a47a0d\" class=\"lgpd-panel-collapse collapse\">\r\n          <div class=\"lgpd-panel-body\">\r\n            <\/p>\n<p><\/p>\n<p><strong>R\u00e9alisateur audiovisuel et conservateur:<\/strong> C\u00edcero Fraga<\/p>\n<p>\r\n          <\/div>\r\n        <\/div>\r\n      <\/div>\r\n    <\/div>\n","protected":false},"excerpt":{"rendered":"<p>Coletivo Instrumento de Ver BRA[DF] Ven 25.09 | \u00c9sacto\u2019Lido Classification: Tout public &nbsp; Pr\u00e9sentation exclusive des courts-m\u00e9trages du Collectif Instrumento de Ver. Quatre courts m\u00e9trages seront pr\u00e9sent\u00e9s, suivis d&#8217;une discussion avec le public afin de partager le processus cr\u00e9atif. Les id\u00e9es qui s&#8217;entrem\u00ealent entre le cirque et les langages audiovisuels <a class=\"leiamais\" href=\"https:\/\/www.festivaldecircodobrasil.com.br\/2025\/cine-circo\/\">LER NOT\u00cdCIA<\/a><\/p>\n","protected":false},"author":1,"featured_media":17487,"comment_status":"open","ping_status":"open","sticky":false,"template":"","format":"standard","meta":{"_acf_changed":false,"footnotes":""},"categories":[5,11],"tags":[],"class_list":["post-17486","post","type-post","status-publish","format-standard","has-post-thumbnail","hentry","category-franca","category-mais","active"],"acf":[],"_links":{"self":[{"href":"https:\/\/www.festivaldecircodobrasil.com.br\/2025\/wp-json\/wp\/v2\/posts\/17486","targetHints":{"allow":["GET"]}}],"collection":[{"href":"https:\/\/www.festivaldecircodobrasil.com.br\/2025\/wp-json\/wp\/v2\/posts"}],"about":[{"href":"https:\/\/www.festivaldecircodobrasil.com.br\/2025\/wp-json\/wp\/v2\/types\/post"}],"author":[{"embeddable":true,"href":"https:\/\/www.festivaldecircodobrasil.com.br\/2025\/wp-json\/wp\/v2\/users\/1"}],"replies":[{"embeddable":true,"href":"https:\/\/www.festivaldecircodobrasil.com.br\/2025\/wp-json\/wp\/v2\/comments?post=17486"}],"version-history":[{"count":3,"href":"https:\/\/www.festivaldecircodobrasil.com.br\/2025\/wp-json\/wp\/v2\/posts\/17486\/revisions"}],"predecessor-version":[{"id":17554,"href":"https:\/\/www.festivaldecircodobrasil.com.br\/2025\/wp-json\/wp\/v2\/posts\/17486\/revisions\/17554"}],"wp:featuredmedia":[{"embeddable":true,"href":"https:\/\/www.festivaldecircodobrasil.com.br\/2025\/wp-json\/wp\/v2\/media\/17487"}],"wp:attachment":[{"href":"https:\/\/www.festivaldecircodobrasil.com.br\/2025\/wp-json\/wp\/v2\/media?parent=17486"}],"wp:term":[{"taxonomy":"category","embeddable":true,"href":"https:\/\/www.festivaldecircodobrasil.com.br\/2025\/wp-json\/wp\/v2\/categories?post=17486"},{"taxonomy":"post_tag","embeddable":true,"href":"https:\/\/www.festivaldecircodobrasil.com.br\/2025\/wp-json\/wp\/v2\/tags?post=17486"}],"curies":[{"name":"wp","href":"https:\/\/api.w.org\/{rel}","templated":true}]}}