{"id":17492,"date":"2025-09-10T18:29:21","date_gmt":"2025-09-10T21:29:21","guid":{"rendered":"https:\/\/www.festivaldecircodobrasil.com.br\/2025\/?p=17492"},"modified":"2025-09-15T17:36:36","modified_gmt":"2025-09-15T20:36:36","slug":"concert-trio-brasilia-afro-jazz","status":"publish","type":"post","link":"https:\/\/www.festivaldecircodobrasil.com.br\/2025\/concert-trio-brasilia-afro-jazz\/","title":{"rendered":"CONCERT TRIO BRAS\u00cdLIA AFRO JAZZ"},"content":{"rendered":"<p><b>Coletivo Instrumento de Ver . BRA[DF]<\/b><br \/>\nDim 28.09 &#8211; 18h | La Grainerie<br \/>\nClassification: Tout public<\/p>\n<p><img loading=\"lazy\" decoding=\"async\" class=\"img-responsive aligncenter wp-image-17549 size-full\" src=\"https:\/\/www.festivaldecircodobrasil.com.br\/2025\/wp-content\/uploads\/2025\/09\/PHOTO-2025-08-27-18-02-23.jpg\" alt=\"\" width=\"1600\" height=\"1067\" srcset=\"https:\/\/www.festivaldecircodobrasil.com.br\/2025\/wp-content\/uploads\/2025\/09\/PHOTO-2025-08-27-18-02-23.jpg 1600w, https:\/\/www.festivaldecircodobrasil.com.br\/2025\/wp-content\/uploads\/2025\/09\/PHOTO-2025-08-27-18-02-23-300x200.jpg 300w, https:\/\/www.festivaldecircodobrasil.com.br\/2025\/wp-content\/uploads\/2025\/09\/PHOTO-2025-08-27-18-02-23-1024x683.jpg 1024w, https:\/\/www.festivaldecircodobrasil.com.br\/2025\/wp-content\/uploads\/2025\/09\/PHOTO-2025-08-27-18-02-23-768x512.jpg 768w, https:\/\/www.festivaldecircodobrasil.com.br\/2025\/wp-content\/uploads\/2025\/09\/PHOTO-2025-08-27-18-02-23-1536x1024.jpg 1536w\" sizes=\"auto, (max-width: 1600px) 100vw, 1600px\" \/><\/p>\n<p>Le Trio Bras\u00edlia Afro Jazz est une formation de jazz \u00e0 saveur afro-br\u00e9silienne n\u00e9e dans la capitale du Br\u00e9sil, tout droit venue des terres arides du Plateau Central. Avec leurs propres compositions et quelques r\u00e9interpr\u00e9tations, ils recherchent diff\u00e9rents sons percussifs qui rencontrent la finesse des instruments \u00e0 vent et une basse saisissante.<\/p>\n\r\n    <div class=\"lgpd-accordion-group\" id=\"lgpdAccordion6a951980a627e\">\r\n      <div class=\"lgpd-panel lgpd-panel-default\">\r\n        <div class=\"lgpd-panel-heading\">\r\n          <h4 class=\"lgpd-panel-title\">\r\n            <a data-toggle=\"collapse\" data-parent=\"#lgpdAccordion6a951980a627e\" href=\"#lgpdCollapselgpdAccordion6a951980a627e\" onclick=\"toggleAccordionIcon(this);\">\r\n              Distribution <i class=\"fa lgpd-toggle-icon fa-chevron-down\" aria-hidden=\"true\"><\/i>\r\n            <\/a>\r\n          <\/h4>\r\n        <\/div>\r\n        <div id=\"lgpdCollapselgpdAccordion6a951980a627e\" class=\"lgpd-panel-collapse collapse\">\r\n          <div class=\"lgpd-panel-body\">\r\n            <\/p>\n<p><\/p>\n<p><strong>Jo\u00e3o Gabriel Joshua<\/strong> (saxophone, fl\u00fbte)<br \/>\n<strong>Lucas Rodrigues<\/strong> (basse)<br \/>\n<strong>Felipe FIuza<\/strong> (percussions)<\/p>\n<p>\r\n          <\/div>\r\n        <\/div>\r\n      <\/div>\r\n    <\/div>\n","protected":false},"excerpt":{"rendered":"<p>Coletivo Instrumento de Ver . BRA[DF] Dim 28.09 &#8211; 18h | La Grainerie Classification: Tout public Le Trio Bras\u00edlia Afro Jazz est une formation de jazz \u00e0 saveur afro-br\u00e9silienne n\u00e9e dans la capitale du Br\u00e9sil, tout droit venue des terres arides du Plateau Central. Avec leurs propres compositions et quelques <a class=\"leiamais\" href=\"https:\/\/www.festivaldecircodobrasil.com.br\/2025\/concert-trio-brasilia-afro-jazz\/\">LER NOT\u00cdCIA<\/a><\/p>\n","protected":false},"author":1,"featured_media":17549,"comment_status":"open","ping_status":"open","sticky":false,"template":"","format":"standard","meta":{"_acf_changed":false,"footnotes":""},"categories":[5,11],"tags":[],"class_list":["post-17492","post","type-post","status-publish","format-standard","has-post-thumbnail","hentry","category-franca","category-mais","active"],"acf":[],"_links":{"self":[{"href":"https:\/\/www.festivaldecircodobrasil.com.br\/2025\/wp-json\/wp\/v2\/posts\/17492","targetHints":{"allow":["GET"]}}],"collection":[{"href":"https:\/\/www.festivaldecircodobrasil.com.br\/2025\/wp-json\/wp\/v2\/posts"}],"about":[{"href":"https:\/\/www.festivaldecircodobrasil.com.br\/2025\/wp-json\/wp\/v2\/types\/post"}],"author":[{"embeddable":true,"href":"https:\/\/www.festivaldecircodobrasil.com.br\/2025\/wp-json\/wp\/v2\/users\/1"}],"replies":[{"embeddable":true,"href":"https:\/\/www.festivaldecircodobrasil.com.br\/2025\/wp-json\/wp\/v2\/comments?post=17492"}],"version-history":[{"count":10,"href":"https:\/\/www.festivaldecircodobrasil.com.br\/2025\/wp-json\/wp\/v2\/posts\/17492\/revisions"}],"predecessor-version":[{"id":17570,"href":"https:\/\/www.festivaldecircodobrasil.com.br\/2025\/wp-json\/wp\/v2\/posts\/17492\/revisions\/17570"}],"wp:featuredmedia":[{"embeddable":true,"href":"https:\/\/www.festivaldecircodobrasil.com.br\/2025\/wp-json\/wp\/v2\/media\/17549"}],"wp:attachment":[{"href":"https:\/\/www.festivaldecircodobrasil.com.br\/2025\/wp-json\/wp\/v2\/media?parent=17492"}],"wp:term":[{"taxonomy":"category","embeddable":true,"href":"https:\/\/www.festivaldecircodobrasil.com.br\/2025\/wp-json\/wp\/v2\/categories?post=17492"},{"taxonomy":"post_tag","embeddable":true,"href":"https:\/\/www.festivaldecircodobrasil.com.br\/2025\/wp-json\/wp\/v2\/tags?post=17492"}],"curies":[{"name":"wp","href":"https:\/\/api.w.org\/{rel}","templated":true}]}}