{"id":17495,"date":"2025-09-10T18:36:38","date_gmt":"2025-09-10T21:36:38","guid":{"rendered":"https:\/\/www.festivaldecircodobrasil.com.br\/2025\/?p=17495"},"modified":"2025-09-15T14:24:08","modified_gmt":"2025-09-15T17:24:08","slug":"exposition-assum-preto","status":"publish","type":"post","link":"https:\/\/www.festivaldecircodobrasil.com.br\/2025\/exposition-assum-preto\/","title":{"rendered":"EXPOSITION ASSUM PRETO"},"content":{"rendered":"<p><b>Coletivo Instrumento de Ver . BRA[DF]<\/b><b><br \/>\n<\/b>24 au 28.09 | La Grainerie<br \/>\nClassification<i>: <\/i>Tout public<\/p>\n<p><img loading=\"lazy\" decoding=\"async\" class=\"img-responsive aligncenter size-full wp-image-17497\" src=\"https:\/\/www.festivaldecircodobrasil.com.br\/2025\/wp-content\/uploads\/2025\/09\/espetaculo-exposicao-assumpreto.jpg\" alt=\"\" width=\"1200\" height=\"770\" srcset=\"https:\/\/www.festivaldecircodobrasil.com.br\/2025\/wp-content\/uploads\/2025\/09\/espetaculo-exposicao-assumpreto.jpg 1200w, https:\/\/www.festivaldecircodobrasil.com.br\/2025\/wp-content\/uploads\/2025\/09\/espetaculo-exposicao-assumpreto-300x193.jpg 300w, https:\/\/www.festivaldecircodobrasil.com.br\/2025\/wp-content\/uploads\/2025\/09\/espetaculo-exposicao-assumpreto-1024x657.jpg 1024w, https:\/\/www.festivaldecircodobrasil.com.br\/2025\/wp-content\/uploads\/2025\/09\/espetaculo-exposicao-assumpreto-768x493.jpg 768w\" sizes=\"auto, (max-width: 1200px) 100vw, 1200px\" \/><\/p>\n<p>L&#8217;exposition Assum Preto de l&#8217;artiste plasticien et membre du Coletivo Instrumento de Ver, Marco Motta, pr\u00e9sente des peintures symboliques et expressives.<\/p>\n<p>Cette exposition compl\u00e8te le spectacle de cirque musical Assum Preto, dans lequel Marco Motta, n\u00e9 \u00e0 Salvador, pr\u00e9sente ses recherches sur le corps et la contorsion sur agr\u00e8s a\u00e9riens, avec une \u0153uvre picturale refl\u00e9tant ce m\u00eame langage du mouvement.<\/p>\n<p>&nbsp;<\/p>\n\r\n    <div class=\"lgpd-accordion-group\" id=\"lgpdAccordion6a95197c280d2\">\r\n      <div class=\"lgpd-panel lgpd-panel-default\">\r\n        <div class=\"lgpd-panel-heading\">\r\n          <h4 class=\"lgpd-panel-title\">\r\n            <a data-toggle=\"collapse\" data-parent=\"#lgpdAccordion6a95197c280d2\" href=\"#lgpdCollapselgpdAccordion6a95197c280d2\" onclick=\"toggleAccordionIcon(this);\">\r\n              Distribution <i class=\"fa lgpd-toggle-icon fa-chevron-down\" aria-hidden=\"true\"><\/i>\r\n            <\/a>\r\n          <\/h4>\r\n        <\/div>\r\n        <div id=\"lgpdCollapselgpdAccordion6a95197c280d2\" class=\"lgpd-panel-collapse collapse\">\r\n          <div class=\"lgpd-panel-body\">\r\n            <\/p>\n<p><\/p>\n<p><strong>Peintre:<\/strong> Marco Motta<\/p>\n<p>\r\n          <\/div>\r\n        <\/div>\r\n      <\/div>\r\n    <\/div>\n","protected":false},"excerpt":{"rendered":"<p>Coletivo Instrumento de Ver . BRA[DF] 24 au 28.09 | La Grainerie Classification: Tout public L&#8217;exposition Assum Preto de l&#8217;artiste plasticien et membre du Coletivo Instrumento de Ver, Marco Motta, pr\u00e9sente des peintures symboliques et expressives. Cette exposition compl\u00e8te le spectacle de cirque musical Assum Preto, dans lequel Marco Motta, <a class=\"leiamais\" href=\"https:\/\/www.festivaldecircodobrasil.com.br\/2025\/exposition-assum-preto\/\">LER NOT\u00cdCIA<\/a><\/p>\n","protected":false},"author":1,"featured_media":17497,"comment_status":"open","ping_status":"open","sticky":false,"template":"","format":"standard","meta":{"_acf_changed":false,"footnotes":""},"categories":[5,11],"tags":[],"class_list":["post-17495","post","type-post","status-publish","format-standard","has-post-thumbnail","hentry","category-franca","category-mais","active"],"acf":[],"_links":{"self":[{"href":"https:\/\/www.festivaldecircodobrasil.com.br\/2025\/wp-json\/wp\/v2\/posts\/17495","targetHints":{"allow":["GET"]}}],"collection":[{"href":"https:\/\/www.festivaldecircodobrasil.com.br\/2025\/wp-json\/wp\/v2\/posts"}],"about":[{"href":"https:\/\/www.festivaldecircodobrasil.com.br\/2025\/wp-json\/wp\/v2\/types\/post"}],"author":[{"embeddable":true,"href":"https:\/\/www.festivaldecircodobrasil.com.br\/2025\/wp-json\/wp\/v2\/users\/1"}],"replies":[{"embeddable":true,"href":"https:\/\/www.festivaldecircodobrasil.com.br\/2025\/wp-json\/wp\/v2\/comments?post=17495"}],"version-history":[{"count":3,"href":"https:\/\/www.festivaldecircodobrasil.com.br\/2025\/wp-json\/wp\/v2\/posts\/17495\/revisions"}],"predecessor-version":[{"id":17544,"href":"https:\/\/www.festivaldecircodobrasil.com.br\/2025\/wp-json\/wp\/v2\/posts\/17495\/revisions\/17544"}],"wp:featuredmedia":[{"embeddable":true,"href":"https:\/\/www.festivaldecircodobrasil.com.br\/2025\/wp-json\/wp\/v2\/media\/17497"}],"wp:attachment":[{"href":"https:\/\/www.festivaldecircodobrasil.com.br\/2025\/wp-json\/wp\/v2\/media?parent=17495"}],"wp:term":[{"taxonomy":"category","embeddable":true,"href":"https:\/\/www.festivaldecircodobrasil.com.br\/2025\/wp-json\/wp\/v2\/categories?post=17495"},{"taxonomy":"post_tag","embeddable":true,"href":"https:\/\/www.festivaldecircodobrasil.com.br\/2025\/wp-json\/wp\/v2\/tags?post=17495"}],"curies":[{"name":"wp","href":"https:\/\/api.w.org\/{rel}","templated":true}]}}