{"id":17376,"date":"2025-08-24T11:33:41","date_gmt":"2025-08-24T14:33:41","guid":{"rendered":"https:\/\/www.festivaldecircodobrasil.com.br\/2025bra\/?p=17376"},"modified":"2025-09-22T21:30:13","modified_gmt":"2025-09-23T00:30:13","slug":"assum-preto","status":"publish","type":"post","link":"https:\/\/www.festivaldecircodobrasil.com.br\/2025bra\/assum-preto\/","title":{"rendered":"ASSUM PRETO"},"content":{"rendered":"<p><b>Coletivo Instrumento de Ver <\/b><b>BRA[DF]<\/b><b><br \/>\n<\/b>Sab 27.09 &#8211; 21h | Dom 28.09 &#8211; 16h30 | La Grainerie<br \/>\n<i>Classifica\u00e7\u00e3o<\/i>: 12 anos<\/p>\n<p><img loading=\"lazy\" decoding=\"async\" class=\"img-responsive aligncenter size-full wp-image-17482\" src=\"https:\/\/www.festivaldecircodobrasil.com.br\/2025bra\/wp-content\/uploads\/2025\/08\/espetaculo-assumpreto.jpg\" alt=\"\" width=\"1200\" height=\"1782\" srcset=\"https:\/\/www.festivaldecircodobrasil.com.br\/2025bra\/wp-content\/uploads\/2025\/08\/espetaculo-assumpreto.jpg 1200w, https:\/\/www.festivaldecircodobrasil.com.br\/2025bra\/wp-content\/uploads\/2025\/08\/espetaculo-assumpreto-202x300.jpg 202w, https:\/\/www.festivaldecircodobrasil.com.br\/2025bra\/wp-content\/uploads\/2025\/08\/espetaculo-assumpreto-690x1024.jpg 690w, https:\/\/www.festivaldecircodobrasil.com.br\/2025bra\/wp-content\/uploads\/2025\/08\/espetaculo-assumpreto-768x1140.jpg 768w, https:\/\/www.festivaldecircodobrasil.com.br\/2025bra\/wp-content\/uploads\/2025\/08\/espetaculo-assumpreto-1034x1536.jpg 1034w\" sizes=\"auto, (max-width: 1200px) 100vw, 1200px\" \/><\/p>\n<p>Assum Preto \u00e9 um espet\u00e1culo circense criado em 2022 pelo artista afro-brasileiro radicado na Espanha Marco Motta. A cria\u00e7\u00e3o foi inspirada em duas can\u00e7\u00f5es: a brasileira \u201cAssum Preto\u201d, de Luiz Gonzaga &amp; Humberto Teixeira, e a norte-americana \u201cBlackbird\u201d, de Nina Simone. Essa obra \u00e9 uma express\u00e3o do poder da arte para al\u00e9m do eurocentrismo, a partir de uma hist\u00f3ria contada em primeira pessoa. O personagem principal de Assum Preto incorpora como Marco sente que seu corpo, desumanizado, \u00e9 visto nas esferas sociais e pol\u00edticas, no Brasil e na Europa. Utilizando o circo, a dan\u00e7a e a m\u00fasica como linguagem, Marco traz a sua pesquisa corporal original de contor\u00e7\u00e3o nos aparelhos a\u00e9reos em uma virtuose que transita entre as dan\u00e7as e m\u00fasicas afro-diasp\u00f3ricas.<\/p>\n<p><iframe loading=\"lazy\" title=\"Assum Preto . Coletivo Instrumento de Ver - BRA[DF]\" width=\"500\" height=\"281\" src=\"https:\/\/www.youtube.com\/embed\/qZ-Ems07ePw?feature=oembed\" frameborder=\"0\" allow=\"accelerometer; autoplay; clipboard-write; encrypted-media; gyroscope; picture-in-picture; web-share\" referrerpolicy=\"strict-origin-when-cross-origin\" allowfullscreen><\/iframe><\/p>\n\r\n    <div class=\"lgpd-accordion-group\" id=\"lgpdAccordion6a9510c4565f3\">\r\n      <div class=\"lgpd-panel lgpd-panel-default\">\r\n        <div class=\"lgpd-panel-heading\">\r\n          <h4 class=\"lgpd-panel-title\">\r\n            <a data-toggle=\"collapse\" data-parent=\"#lgpdAccordion6a9510c4565f3\" href=\"#lgpdCollapselgpdAccordion6a9510c4565f3\" onclick=\"toggleAccordionIcon(this);\">\r\n              Ficha T\u00e9cnica <i class=\"fa lgpd-toggle-icon fa-chevron-down\" aria-hidden=\"true\"><\/i>\r\n            <\/a>\r\n          <\/h4>\r\n        <\/div>\r\n        <div id=\"lgpdCollapselgpdAccordion6a9510c4565f3\" class=\"lgpd-panel-collapse collapse\">\r\n          <div class=\"lgpd-panel-body\">\r\n            <\/p>\n<p><\/p>\n<p><strong><i>Ideia original cria\u00e7\u00e3o e coreografia<\/i>:<\/strong> Marco Motta<br \/>\n<strong><i>Interpreta\u00e7\u00e3o<\/i>:<\/strong> Marco Motta<br \/>\n<strong><i>Trilha sonora original<\/i>:<\/strong> Yeison Moreno, Dar\u00edo Santamar\u00eda, Marco Motta, Frank David Santiuste<br \/>\n<strong>M\u00fasicos int\u00e9rpretes:<\/strong> J.G.Joshua, Felipe Fiuza, Lucas Rodrigues<br \/>\n<strong><i>Dire\u00e7\u00e3o de arte, cen\u00e1rio e figurino<\/i>:<\/strong> Julieta Michelon, Marco Motta, Abigail Motta, Ana Motta<br \/>\n<strong><i>Ilumina\u00e7\u00e3o e som<\/i>:<\/strong> Jo\u00e3o Dimas et Euler Oliveira<br \/>\n<strong><i>Dire\u00e7\u00e3o t\u00e9cnica<\/i>:<\/strong> Daniel Lacourt<br \/>\n<strong><i>Produ\u00e7\u00e3o e difus\u00e3o<\/i>:<\/strong> Ma\u00edra Moraes et Julia Henning<br \/>\n<strong><i>Fotografia<\/i>:<\/strong> Jo\u00e3o Saenger<br \/>\n<strong><i>Assessoria e olhar externo<\/i>:<\/strong> MADPAC Asociaci\u00f3n de Profesionales, Artistas e <i>Criadores do Circo de Madri<\/i>: Zenaida Alcalde, Mar\u00eda Folguera<br \/>\n<strong>Africa Moment:<\/strong> Ant\u00f3nio Tavares, Elizabete Bety, A\u00efda Colmenero D\u00efaz<br \/>\n<strong><i>Realiza\u00e7\u00e3o<\/i>:<\/strong> Instrumento de Ver<b><br \/>\n<\/b><\/p>\n<p>\r\n          <\/div>\r\n        <\/div>\r\n      <\/div>\r\n    <\/div>\n","protected":false},"excerpt":{"rendered":"<p>Coletivo Instrumento de Ver BRA[DF] Sab 27.09 &#8211; 21h | Dom 28.09 &#8211; 16h30 | La Grainerie Classifica\u00e7\u00e3o: 12 anos Assum Preto \u00e9 um espet\u00e1culo circense criado em 2022 pelo artista afro-brasileiro radicado na Espanha Marco Motta. A cria\u00e7\u00e3o foi inspirada em duas can\u00e7\u00f5es: a brasileira \u201cAssum Preto\u201d, de Luiz <a class=\"leiamais\" href=\"https:\/\/www.festivaldecircodobrasil.com.br\/2025bra\/assum-preto\/\">LER NOT\u00cdCIA<\/a><\/p>\n","protected":false},"author":1,"featured_media":17484,"comment_status":"open","ping_status":"open","sticky":false,"template":"","format":"standard","meta":{"_acf_changed":false,"footnotes":""},"categories":[12,5],"tags":[],"class_list":["post-17376","post","type-post","status-publish","format-standard","has-post-thumbnail","hentry","category-espetaculos","category-franca","active"],"acf":[],"_links":{"self":[{"href":"https:\/\/www.festivaldecircodobrasil.com.br\/2025bra\/wp-json\/wp\/v2\/posts\/17376","targetHints":{"allow":["GET"]}}],"collection":[{"href":"https:\/\/www.festivaldecircodobrasil.com.br\/2025bra\/wp-json\/wp\/v2\/posts"}],"about":[{"href":"https:\/\/www.festivaldecircodobrasil.com.br\/2025bra\/wp-json\/wp\/v2\/types\/post"}],"author":[{"embeddable":true,"href":"https:\/\/www.festivaldecircodobrasil.com.br\/2025bra\/wp-json\/wp\/v2\/users\/1"}],"replies":[{"embeddable":true,"href":"https:\/\/www.festivaldecircodobrasil.com.br\/2025bra\/wp-json\/wp\/v2\/comments?post=17376"}],"version-history":[{"count":1,"href":"https:\/\/www.festivaldecircodobrasil.com.br\/2025bra\/wp-json\/wp\/v2\/posts\/17376\/revisions"}],"predecessor-version":[{"id":17570,"href":"https:\/\/www.festivaldecircodobrasil.com.br\/2025bra\/wp-json\/wp\/v2\/posts\/17376\/revisions\/17570"}],"wp:featuredmedia":[{"embeddable":true,"href":"https:\/\/www.festivaldecircodobrasil.com.br\/2025bra\/wp-json\/wp\/v2\/media\/17484"}],"wp:attachment":[{"href":"https:\/\/www.festivaldecircodobrasil.com.br\/2025bra\/wp-json\/wp\/v2\/media?parent=17376"}],"wp:term":[{"taxonomy":"category","embeddable":true,"href":"https:\/\/www.festivaldecircodobrasil.com.br\/2025bra\/wp-json\/wp\/v2\/categories?post=17376"},{"taxonomy":"post_tag","embeddable":true,"href":"https:\/\/www.festivaldecircodobrasil.com.br\/2025bra\/wp-json\/wp\/v2\/tags?post=17376"}],"curies":[{"name":"wp","href":"https:\/\/api.w.org\/{rel}","templated":true}]}}