{"id":17392,"date":"2025-08-24T13:20:29","date_gmt":"2025-08-24T16:20:29","guid":{"rendered":"https:\/\/www.festivaldecircodobrasil.com.br\/2025bra\/?p=17392"},"modified":"2025-09-22T21:28:42","modified_gmt":"2025-09-23T00:28:42","slug":"faminta","status":"publish","type":"post","link":"https:\/\/www.festivaldecircodobrasil.com.br\/2025bra\/faminta\/","title":{"rendered":"FAMINTA"},"content":{"rendered":"<p><b>Natasha Jascalevich<\/b><b> . BRA[RJ]<\/b><b><br \/>\n<\/b>Sex 26.09 &#8211; 21h\u00a0 | Dom 28.09 &#8211; 19h30 | La Grainerie<br \/>\n<i>Classifica\u00e7\u00e3o<\/i>: 14 anos<\/p>\n<p><img loading=\"lazy\" decoding=\"async\" class=\"img-responsive aligncenter size-full wp-image-17479\" src=\"https:\/\/www.festivaldecircodobrasil.com.br\/2025bra\/wp-content\/uploads\/2025\/08\/espetaculo-faminta.jpg\" alt=\"\" width=\"1200\" height=\"770\" srcset=\"https:\/\/www.festivaldecircodobrasil.com.br\/2025bra\/wp-content\/uploads\/2025\/08\/espetaculo-faminta.jpg 1200w, https:\/\/www.festivaldecircodobrasil.com.br\/2025bra\/wp-content\/uploads\/2025\/08\/espetaculo-faminta-300x193.jpg 300w, https:\/\/www.festivaldecircodobrasil.com.br\/2025bra\/wp-content\/uploads\/2025\/08\/espetaculo-faminta-1024x657.jpg 1024w, https:\/\/www.festivaldecircodobrasil.com.br\/2025bra\/wp-content\/uploads\/2025\/08\/espetaculo-faminta-768x493.jpg 768w\" sizes=\"auto, (max-width: 1200px) 100vw, 1200px\" \/><\/p>\n<p>&nbsp;<\/p>\n<p><i>Estreia na Europa.<\/i><i><br \/>\n<\/i><i>Homenagem ao poder feminino.<\/i><\/p>\n<p>F<i>aminta<\/i> \u00e9 um espet\u00e1culo solo que explora a intr\u00ednseca rela\u00e7\u00e3o entre comida e prazer feminino. A autora e performer Natasha Jascalevich convoca o p\u00fablico para participar de uma receita, revelando segredos fant\u00e1sticos de sua comida ao longo do preparo. Misturando viv\u00eancias pessoais com lendas afrodis\u00edacas, o espet\u00e1culo oferece uma experi\u00eancia sensorial completa, onde a gula e a lux\u00faria impulsionam a jornada da personagem em busca do prazer.<\/p>\n<p>A beleza da carne, a ard\u00eancia da paix\u00e3o, o amargor da solid\u00e3o, o sabor da vingan\u00e7a e o processo de fermenta\u00e7\u00e3o de um corpo-p\u00e3o, s\u00e3o etapas dessa receita fant\u00e1stica que traz luz para os desejos e questionamentos vividos por mulheres em uma sociedade mis\u00f3gina.<\/p>\n<p><i>Faminta<\/i> \u00e9 uma homenagem \u00e0 pot\u00eancia feminina e ao seu poder de cria\u00e7\u00e3o, expressos por meio de m\u00faltiplas linguagens: teatro, dan\u00e7a, m\u00fasica e circo contempor\u00e2neo. Natasha Jascalevich explora essas habilidades em cena, conferindo ao texto contornos ainda mais on\u00edricos.<\/p>\n<p><iframe loading=\"lazy\" title=\"Faminta . Natasha Jascalevich - BRA[RJ]\" width=\"500\" height=\"281\" src=\"https:\/\/www.youtube.com\/embed\/uIbPA-iZoIQ?feature=oembed\" frameborder=\"0\" allow=\"accelerometer; autoplay; clipboard-write; encrypted-media; gyroscope; picture-in-picture; web-share\" referrerpolicy=\"strict-origin-when-cross-origin\" allowfullscreen><\/iframe><\/p>\n\r\n    <div class=\"lgpd-accordion-group\" id=\"lgpdAccordion6a95106223288\">\r\n      <div class=\"lgpd-panel lgpd-panel-default\">\r\n        <div class=\"lgpd-panel-heading\">\r\n          <h4 class=\"lgpd-panel-title\">\r\n            <a data-toggle=\"collapse\" data-parent=\"#lgpdAccordion6a95106223288\" href=\"#lgpdCollapselgpdAccordion6a95106223288\" onclick=\"toggleAccordionIcon(this);\">\r\n              Ficha T\u00e9cnica <i class=\"fa lgpd-toggle-icon fa-chevron-down\" aria-hidden=\"true\"><\/i>\r\n            <\/a>\r\n          <\/h4>\r\n        <\/div>\r\n        <div id=\"lgpdCollapselgpdAccordion6a95106223288\" class=\"lgpd-panel-collapse collapse\">\r\n          <div class=\"lgpd-panel-body\">\r\n            <\/p>\n<p><\/p>\n<p>Natasha Jascalevich (texto e atua\u00e7\u00e3o) \/ Duda Maia (dire\u00e7\u00e3o) \/ Andr\u00e9 Chaves (produ\u00e7\u00e3o e dire\u00e7\u00e3o de palco) \/ Azullllllll (dire\u00e7\u00e3o musical) \/ Yasmin Lira (ilumina\u00e7\u00e3o).<b><br \/>\n<\/b><\/p>\n<p>\r\n          <\/div>\r\n        <\/div>\r\n      <\/div>\r\n    <\/div>\n","protected":false},"excerpt":{"rendered":"<p>Natasha Jascalevich . BRA[RJ] Sex 26.09 &#8211; 21h\u00a0 | Dom 28.09 &#8211; 19h30 | La Grainerie Classifica\u00e7\u00e3o: 14 anos &nbsp; Estreia na Europa. Homenagem ao poder feminino. Faminta \u00e9 um espet\u00e1culo solo que explora a intr\u00ednseca rela\u00e7\u00e3o entre comida e prazer feminino. A autora e performer Natasha Jascalevich convoca o <a class=\"leiamais\" href=\"https:\/\/www.festivaldecircodobrasil.com.br\/2025bra\/faminta\/\">LER NOT\u00cdCIA<\/a><\/p>\n","protected":false},"author":1,"featured_media":17479,"comment_status":"open","ping_status":"open","sticky":false,"template":"","format":"standard","meta":{"_acf_changed":false,"footnotes":""},"categories":[12,5],"tags":[],"class_list":["post-17392","post","type-post","status-publish","format-standard","has-post-thumbnail","hentry","category-espetaculos","category-franca","active"],"acf":[],"_links":{"self":[{"href":"https:\/\/www.festivaldecircodobrasil.com.br\/2025bra\/wp-json\/wp\/v2\/posts\/17392","targetHints":{"allow":["GET"]}}],"collection":[{"href":"https:\/\/www.festivaldecircodobrasil.com.br\/2025bra\/wp-json\/wp\/v2\/posts"}],"about":[{"href":"https:\/\/www.festivaldecircodobrasil.com.br\/2025bra\/wp-json\/wp\/v2\/types\/post"}],"author":[{"embeddable":true,"href":"https:\/\/www.festivaldecircodobrasil.com.br\/2025bra\/wp-json\/wp\/v2\/users\/1"}],"replies":[{"embeddable":true,"href":"https:\/\/www.festivaldecircodobrasil.com.br\/2025bra\/wp-json\/wp\/v2\/comments?post=17392"}],"version-history":[{"count":1,"href":"https:\/\/www.festivaldecircodobrasil.com.br\/2025bra\/wp-json\/wp\/v2\/posts\/17392\/revisions"}],"predecessor-version":[{"id":17569,"href":"https:\/\/www.festivaldecircodobrasil.com.br\/2025bra\/wp-json\/wp\/v2\/posts\/17392\/revisions\/17569"}],"wp:featuredmedia":[{"embeddable":true,"href":"https:\/\/www.festivaldecircodobrasil.com.br\/2025bra\/wp-json\/wp\/v2\/media\/17479"}],"wp:attachment":[{"href":"https:\/\/www.festivaldecircodobrasil.com.br\/2025bra\/wp-json\/wp\/v2\/media?parent=17392"}],"wp:term":[{"taxonomy":"category","embeddable":true,"href":"https:\/\/www.festivaldecircodobrasil.com.br\/2025bra\/wp-json\/wp\/v2\/categories?post=17392"},{"taxonomy":"post_tag","embeddable":true,"href":"https:\/\/www.festivaldecircodobrasil.com.br\/2025bra\/wp-json\/wp\/v2\/tags?post=17392"}],"curies":[{"name":"wp","href":"https:\/\/api.w.org\/{rel}","templated":true}]}}