{"id":17398,"date":"2025-08-24T13:28:49","date_gmt":"2025-08-24T16:28:49","guid":{"rendered":"https:\/\/www.festivaldecircodobrasil.com.br\/2025bra\/?p=17398"},"modified":"2025-09-22T21:26:45","modified_gmt":"2025-09-23T00:26:45","slug":"o-vazio-e-cheio-de-coisa","status":"publish","type":"post","link":"https:\/\/www.festivaldecircodobrasil.com.br\/2025bra\/o-vazio-e-cheio-de-coisa\/","title":{"rendered":"O VAZIO \u00c9 CHEIO DE COISA"},"content":{"rendered":"<p><b>Cia N\u00f3s no Bambu . BRA[DF]<\/b><b><br \/>\n<\/b>Sex 26.09 | Sab 27.09 | 19h30\u00a0 | La Grainerie<br \/>\n<i>Classifica\u00e7\u00e3o<\/i>: 12 anos<\/p>\n<p><img loading=\"lazy\" decoding=\"async\" class=\"img-responsive aligncenter size-full wp-image-17399\" src=\"https:\/\/www.festivaldecircodobrasil.com.br\/2025bra\/wp-content\/uploads\/2025\/08\/o_vazio.png\" alt=\"\" width=\"1200\" height=\"770\" srcset=\"https:\/\/www.festivaldecircodobrasil.com.br\/2025bra\/wp-content\/uploads\/2025\/08\/o_vazio.png 1200w, https:\/\/www.festivaldecircodobrasil.com.br\/2025bra\/wp-content\/uploads\/2025\/08\/o_vazio-300x193.png 300w, https:\/\/www.festivaldecircodobrasil.com.br\/2025bra\/wp-content\/uploads\/2025\/08\/o_vazio-1024x657.png 1024w, https:\/\/www.festivaldecircodobrasil.com.br\/2025bra\/wp-content\/uploads\/2025\/08\/o_vazio-768x493.png 768w\" sizes=\"auto, (max-width: 1200px) 100vw, 1200px\" \/><\/p>\n<p>Estreia na Europa.<\/p>\n<p>O Vazio \u00c9 Cheio De Coisa \u00e9 um fabuloso espet\u00e1culo por sua est\u00e9tica e po\u00e9tica singulares trazendo uma dan\u00e7a acrob\u00e1tica, onde um corpo humano e um bambu se bastam. Do encontro minimalista entre um bambu oco e um corpo recoberto de experi\u00eancias da artista, uma profus\u00e3o de imagens e significados invadem o imagin\u00e1rio do p\u00fablico. Num vazio, se desenrola uma dramaturgia ilustrada por meio da poesia, do corpo, do vegetal, do gesto, do olhar, do som e da luz.\u00a0 \u00c9 o primeiro espet\u00e1culo solo da cofundadora da CIA N\u00f3s No Bambu, a multiartista Poema M\u00fchlenberg. A apresenta\u00e7\u00e3o \u00e9 uma s\u00edntese afetiva e visceral da rela\u00e7\u00e3o desenvolvida por Poema ao longo de seus mais de 15 anos de aprendizagens, pesquisas e cria\u00e7\u00f5es em arte corpo bambu.<\/p>\n<p><iframe loading=\"lazy\" title=\"O Vazio \u00e9 Cheio de Coisa . Cia N\u00f3s No Bambu - BRA[DF]\" width=\"500\" height=\"281\" src=\"https:\/\/www.youtube.com\/embed\/ZSoB1px_KMo?feature=oembed\" frameborder=\"0\" allow=\"accelerometer; autoplay; clipboard-write; encrypted-media; gyroscope; picture-in-picture; web-share\" referrerpolicy=\"strict-origin-when-cross-origin\" allowfullscreen><\/iframe><\/p>\n<p>&nbsp;<\/p>\n\r\n    <div class=\"lgpd-accordion-group\" id=\"lgpdAccordion6a951060b7f57\">\r\n      <div class=\"lgpd-panel lgpd-panel-default\">\r\n        <div class=\"lgpd-panel-heading\">\r\n          <h4 class=\"lgpd-panel-title\">\r\n            <a data-toggle=\"collapse\" data-parent=\"#lgpdAccordion6a951060b7f57\" href=\"#lgpdCollapselgpdAccordion6a951060b7f57\" onclick=\"toggleAccordionIcon(this);\">\r\n              Ficha T\u00e9cnica <i class=\"fa lgpd-toggle-icon fa-chevron-down\" aria-hidden=\"true\"><\/i>\r\n            <\/a>\r\n          <\/h4>\r\n        <\/div>\r\n        <div id=\"lgpdCollapselgpdAccordion6a951060b7f57\" class=\"lgpd-panel-collapse collapse\">\r\n          <div class=\"lgpd-panel-body\">\r\n            <\/p>\n<p><\/p>\n<p><strong><i>Concep\u00e7\u00e3o<\/i>:<\/strong> Poema M\u00fchlenberg et Edson Beserra<br \/>\n<strong><i>Int\u00e9rprete criadora<\/i>:<\/strong> Poema M\u00fchlenberg<br \/>\n<strong><i>Dire\u00e7\u00e3o<\/i>:<\/strong> Edson Beserra<br \/>\n<strong><i>Coreografia<\/i>:<\/strong> Edson Beserra et Poema M\u00fchlenberg<br \/>\n<strong><i>Colabora\u00e7\u00e3o coreogr\u00e1fica<\/i>:<\/strong> Ana Fl\u00e1via Almeida<br \/>\n<strong><i>Cenografia e bambuzeria<\/i>:<\/strong> Poema M\u00fchlenberg<br \/>\n<strong><i>Dire\u00e7\u00e3o musical<\/i>:<\/strong> Samuel Mota<br \/>\n<strong><i>Concep\u00e7\u00e3o de luz<\/i>:<\/strong> Emmanuel Queiroz<br \/>\n<strong><i>Figurino<\/i>:<\/strong> Poema M\u00fchlenberg<br \/>\n<strong><i>Prepara\u00e7\u00e3o corporal<\/i>:<\/strong> Pratique Movimento<br \/>\n<strong><i>Fotografia<\/i>:<\/strong> Diego Bresani<br \/>\n<strong><i>Audiovisual<\/i>:<\/strong> Mills Audiovisual e Est\u00fadio Carbono<br \/>\n<strong><i>Programa\u00e7\u00e3o Visual<\/i>:<\/strong> Daniel Grilo<br \/>\n<strong><i>Elabora\u00e7\u00e3o do projeto<\/i>:<\/strong> Liane Maria M\u00fchlenberg e Giseli Tressi<br \/>\n<strong><i>Produ\u00e7\u00e3o Executiva<\/i>:<\/strong> Anamaria M\u00fchlenberg<br \/>\n<strong>Produ\u00e7\u00e3o:<\/strong> Galp\u00e3o Bambu \u2013 espa\u00e7o de cria\u00e7\u00e3o<br \/>\n<strong>Realiza\u00e7\u00e3o:<\/strong> Cie N\u00f3s No Bambu<\/p>\n<p><b>\u00a0<\/b><\/p>\n<p>\r\n          <\/div>\r\n        <\/div>\r\n      <\/div>\r\n    <\/div>\n","protected":false},"excerpt":{"rendered":"<p>Cia N\u00f3s no Bambu . BRA[DF] Sex 26.09 | Sab 27.09 | 19h30\u00a0 | La Grainerie Classifica\u00e7\u00e3o: 12 anos Estreia na Europa. O Vazio \u00c9 Cheio De Coisa \u00e9 um fabuloso espet\u00e1culo por sua est\u00e9tica e po\u00e9tica singulares trazendo uma dan\u00e7a acrob\u00e1tica, onde um corpo humano e um bambu se <a class=\"leiamais\" href=\"https:\/\/www.festivaldecircodobrasil.com.br\/2025bra\/o-vazio-e-cheio-de-coisa\/\">LER NOT\u00cdCIA<\/a><\/p>\n","protected":false},"author":1,"featured_media":17476,"comment_status":"open","ping_status":"open","sticky":false,"template":"","format":"standard","meta":{"_acf_changed":false,"footnotes":""},"categories":[12,5],"tags":[],"class_list":["post-17398","post","type-post","status-publish","format-standard","has-post-thumbnail","hentry","category-espetaculos","category-franca","active"],"acf":[],"_links":{"self":[{"href":"https:\/\/www.festivaldecircodobrasil.com.br\/2025bra\/wp-json\/wp\/v2\/posts\/17398","targetHints":{"allow":["GET"]}}],"collection":[{"href":"https:\/\/www.festivaldecircodobrasil.com.br\/2025bra\/wp-json\/wp\/v2\/posts"}],"about":[{"href":"https:\/\/www.festivaldecircodobrasil.com.br\/2025bra\/wp-json\/wp\/v2\/types\/post"}],"author":[{"embeddable":true,"href":"https:\/\/www.festivaldecircodobrasil.com.br\/2025bra\/wp-json\/wp\/v2\/users\/1"}],"replies":[{"embeddable":true,"href":"https:\/\/www.festivaldecircodobrasil.com.br\/2025bra\/wp-json\/wp\/v2\/comments?post=17398"}],"version-history":[{"count":4,"href":"https:\/\/www.festivaldecircodobrasil.com.br\/2025bra\/wp-json\/wp\/v2\/posts\/17398\/revisions"}],"predecessor-version":[{"id":17568,"href":"https:\/\/www.festivaldecircodobrasil.com.br\/2025bra\/wp-json\/wp\/v2\/posts\/17398\/revisions\/17568"}],"wp:featuredmedia":[{"embeddable":true,"href":"https:\/\/www.festivaldecircodobrasil.com.br\/2025bra\/wp-json\/wp\/v2\/media\/17476"}],"wp:attachment":[{"href":"https:\/\/www.festivaldecircodobrasil.com.br\/2025bra\/wp-json\/wp\/v2\/media?parent=17398"}],"wp:term":[{"taxonomy":"category","embeddable":true,"href":"https:\/\/www.festivaldecircodobrasil.com.br\/2025bra\/wp-json\/wp\/v2\/categories?post=17398"},{"taxonomy":"post_tag","embeddable":true,"href":"https:\/\/www.festivaldecircodobrasil.com.br\/2025bra\/wp-json\/wp\/v2\/tags?post=17398"}],"curies":[{"name":"wp","href":"https:\/\/api.w.org\/{rel}","templated":true}]}}