{"id":17401,"date":"2025-08-24T13:34:53","date_gmt":"2025-08-24T16:34:53","guid":{"rendered":"https:\/\/www.festivaldecircodobrasil.com.br\/2025bra\/?p=17401"},"modified":"2025-09-18T19:06:31","modified_gmt":"2025-09-18T22:06:31","slug":"idees-pour-retarder-la-fin-du-monde","status":"publish","type":"post","link":"https:\/\/www.festivaldecircodobrasil.com.br\/2025bra\/idees-pour-retarder-la-fin-du-monde\/","title":{"rendered":"ID\u00c9ES POUR RETARDER LA FIN DU MONDE"},"content":{"rendered":"<p><b>Aldeia de Tous . BRA-FRA<\/b><b><br \/>\n<\/b>Qua<b>\u00a0 <\/b>24.09 &#8211; 17h30 |\u00a0 La Grainerie<br \/>\nSab 27.09 &#8211; 15h | Jardim de Vidailhan<br \/>\n<i>Classifica\u00e7\u00e3o<\/i>: Livre<\/p>\n<p><img loading=\"lazy\" decoding=\"async\" class=\"img-responsive aligncenter size-full wp-image-17473\" src=\"https:\/\/www.festivaldecircodobrasil.com.br\/2025bra\/wp-content\/uploads\/2025\/08\/espetaculo-idees.jpg\" alt=\"\" width=\"1200\" height=\"770\" srcset=\"https:\/\/www.festivaldecircodobrasil.com.br\/2025bra\/wp-content\/uploads\/2025\/08\/espetaculo-idees.jpg 1200w, https:\/\/www.festivaldecircodobrasil.com.br\/2025bra\/wp-content\/uploads\/2025\/08\/espetaculo-idees-300x193.jpg 300w, https:\/\/www.festivaldecircodobrasil.com.br\/2025bra\/wp-content\/uploads\/2025\/08\/espetaculo-idees-1024x657.jpg 1024w, https:\/\/www.festivaldecircodobrasil.com.br\/2025bra\/wp-content\/uploads\/2025\/08\/espetaculo-idees-768x493.jpg 768w\" sizes=\"auto, (max-width: 1200px) 100vw, 1200px\" \/><\/p>\n<p>Laborat\u00f3rio art\u00edstico inspirado na obra de Ailton Krenak.<\/p>\n<p>Aldeia de Tous \u00e9 um neologismo que combina portugu\u00eas e franc\u00eas: &#8220;Aldeia&#8221; refere-se \u00e0s localidades dos povos origin\u00e1rios no Brasil e de \u201ctous\u201d traduzindo para o portugu\u00eas significa de\u00a0 todos. Aldeia de Tou \u00e9 um experimento que convida seis jovens artistas, sendo tr\u00eas brasileiros e tr\u00eas franceses, e dois core\u00f3grafos a brasileira Duda Maia e o franc\u00eas Nicanor de Elia a dialogarem entre culturas, imagin\u00e1rios e circos. A mostra \u00e9 o resultado\u00a0 final da resid\u00eancia feita pelos artistas.<\/p>\n<p>&nbsp;<\/p>\n\r\n    <div class=\"lgpd-accordion-group\" id=\"lgpdAccordion6a9510c20c004\">\r\n      <div class=\"lgpd-panel lgpd-panel-default\">\r\n        <div class=\"lgpd-panel-heading\">\r\n          <h4 class=\"lgpd-panel-title\">\r\n            <a data-toggle=\"collapse\" data-parent=\"#lgpdAccordion6a9510c20c004\" href=\"#lgpdCollapselgpdAccordion6a9510c20c004\" onclick=\"toggleAccordionIcon(this);\">\r\n              Ficha T\u00e9cnica <i class=\"fa lgpd-toggle-icon fa-chevron-down\" aria-hidden=\"true\"><\/i>\r\n            <\/a>\r\n          <\/h4>\r\n        <\/div>\r\n        <div id=\"lgpdCollapselgpdAccordion6a9510c20c004\" class=\"lgpd-panel-collapse collapse\">\r\n          <div class=\"lgpd-panel-body\">\r\n            <\/p>\n<p><\/p>\n<p><strong>Dire\u00e7\u00e3o art\u00edstica:<\/strong> Duda Maia &amp; Nicanor de Elia<br \/>\n<strong>Artistas perform\u00e1ticos:<\/strong> Marcio S\u00e1, Main\u00e1 Souza, Beatriz Nascimento, Meara Roach, Nicolas Moreno e Magdalena Hidalgo Witker.<\/p>\n<p>\r\n          <\/div>\r\n        <\/div>\r\n      <\/div>\r\n    <\/div>\n","protected":false},"excerpt":{"rendered":"<p>Aldeia de Tous . BRA-FRA Qua\u00a0 24.09 &#8211; 17h30 |\u00a0 La Grainerie Sab 27.09 &#8211; 15h | Jardim de Vidailhan Classifica\u00e7\u00e3o: Livre Laborat\u00f3rio art\u00edstico inspirado na obra de Ailton Krenak. Aldeia de Tous \u00e9 um neologismo que combina portugu\u00eas e franc\u00eas: &#8220;Aldeia&#8221; refere-se \u00e0s localidades dos povos origin\u00e1rios no Brasil <a class=\"leiamais\" href=\"https:\/\/www.festivaldecircodobrasil.com.br\/2025bra\/idees-pour-retarder-la-fin-du-monde\/\">LER NOT\u00cdCIA<\/a><\/p>\n","protected":false},"author":1,"featured_media":17473,"comment_status":"open","ping_status":"open","sticky":false,"template":"","format":"standard","meta":{"_acf_changed":false,"footnotes":""},"categories":[12,5],"tags":[],"class_list":["post-17401","post","type-post","status-publish","format-standard","has-post-thumbnail","hentry","category-espetaculos","category-franca","active"],"acf":[],"_links":{"self":[{"href":"https:\/\/www.festivaldecircodobrasil.com.br\/2025bra\/wp-json\/wp\/v2\/posts\/17401","targetHints":{"allow":["GET"]}}],"collection":[{"href":"https:\/\/www.festivaldecircodobrasil.com.br\/2025bra\/wp-json\/wp\/v2\/posts"}],"about":[{"href":"https:\/\/www.festivaldecircodobrasil.com.br\/2025bra\/wp-json\/wp\/v2\/types\/post"}],"author":[{"embeddable":true,"href":"https:\/\/www.festivaldecircodobrasil.com.br\/2025bra\/wp-json\/wp\/v2\/users\/1"}],"replies":[{"embeddable":true,"href":"https:\/\/www.festivaldecircodobrasil.com.br\/2025bra\/wp-json\/wp\/v2\/comments?post=17401"}],"version-history":[{"count":0,"href":"https:\/\/www.festivaldecircodobrasil.com.br\/2025bra\/wp-json\/wp\/v2\/posts\/17401\/revisions"}],"wp:featuredmedia":[{"embeddable":true,"href":"https:\/\/www.festivaldecircodobrasil.com.br\/2025bra\/wp-json\/wp\/v2\/media\/17473"}],"wp:attachment":[{"href":"https:\/\/www.festivaldecircodobrasil.com.br\/2025bra\/wp-json\/wp\/v2\/media?parent=17401"}],"wp:term":[{"taxonomy":"category","embeddable":true,"href":"https:\/\/www.festivaldecircodobrasil.com.br\/2025bra\/wp-json\/wp\/v2\/categories?post=17401"},{"taxonomy":"post_tag","embeddable":true,"href":"https:\/\/www.festivaldecircodobrasil.com.br\/2025bra\/wp-json\/wp\/v2\/tags?post=17401"}],"curies":[{"name":"wp","href":"https:\/\/api.w.org\/{rel}","templated":true}]}}