{"id":17403,"date":"2025-08-24T13:42:02","date_gmt":"2025-08-24T16:42:02","guid":{"rendered":"https:\/\/www.festivaldecircodobrasil.com.br\/2025bra\/?p=17403"},"modified":"2025-09-18T19:23:58","modified_gmt":"2025-09-18T22:23:58","slug":"concert-forroccitania","status":"publish","type":"post","link":"https:\/\/www.festivaldecircodobrasil.com.br\/2025bra\/concert-forroccitania\/","title":{"rendered":"CONCERT FORROCCIT\u00c0NIA"},"content":{"rendered":"<p><b>Silv\u00e9rio Pessoa . BRA[PE] &amp; La Talvera . FRA<\/b><b><br \/>\n<\/b>Sab 27.09 &#8211; 18h | La Grainerie<br \/>\n<i>Classifica\u00e7\u00e3o<\/i>: Livre<\/p>\n<p><img loading=\"lazy\" decoding=\"async\" class=\"img-responsive aligncenter size-full wp-image-17404\" src=\"https:\/\/www.festivaldecircodobrasil.com.br\/2025bra\/wp-content\/uploads\/2025\/08\/forrocitania.png\" alt=\"\" width=\"1200\" height=\"770\" srcset=\"https:\/\/www.festivaldecircodobrasil.com.br\/2025bra\/wp-content\/uploads\/2025\/08\/forrocitania.png 1200w, https:\/\/www.festivaldecircodobrasil.com.br\/2025bra\/wp-content\/uploads\/2025\/08\/forrocitania-300x193.png 300w, https:\/\/www.festivaldecircodobrasil.com.br\/2025bra\/wp-content\/uploads\/2025\/08\/forrocitania-1024x657.png 1024w, https:\/\/www.festivaldecircodobrasil.com.br\/2025bra\/wp-content\/uploads\/2025\/08\/forrocitania-768x493.png 768w\" sizes=\"auto, (max-width: 1200px) 100vw, 1200px\" \/><\/p>\n<p>&nbsp;<\/p>\n<p>H\u00e1 mais de 20 anos a cultura do nordeste brasileiro, mais precisamente de Pernambuco, vem dialogando com a cultura Occitan, do sul da Fran\u00e7a, atrav\u00e9s da parceria do m\u00fasico pernambucano Silv\u00e9rio Pessoa e da banda francesa La Talvera. Esse trabalho de fus\u00e3o das culturas rendeu o lan\u00e7amento, em 2012, do disco ForrOccit\u00e0nia, verdadeira ponte entre a m\u00fasica, o forr\u00f3, a poesia e a dan\u00e7a occitanas e nordestinas. Para celebrar essa parceria, o Concert ForrOccit\u00e0nia vai reunir mais uma vez Silv\u00e9rio Pessoa, acompanhado de trio p\u00e9 de serra, e o grupo La Talavera para apresentarem esse show \u00fanico que traz hibridismo musical, di\u00e1logos entre acorde\u00f5es diat\u00f4nicos e crom\u00e1ticos, flautas medievais, viola de 12 nordestina, textos sobre a cultura de cada povo em l\u00ednguas diferentes. O trio, que acompanha Silv\u00e9rio no show, \u00e9 formado por dois m\u00fasicos nordestinos, o paraibano Lucas Dan, no acordeon, e o pernambucano Thiago Rad (viola), e pelo pernambucano residente na Fran\u00e7a Benjamin Ruschi (zabumba e percuss\u00e3o).<\/p>\n<p>&nbsp;<\/p>\n<p><iframe loading=\"lazy\" title=\"Forroccitania by Silv\u00e9rio Pessoa &amp; La Talvera\" frameborder=\"0\" width=\"500\" height=\"287\" src=\"https:\/\/geo.dailymotion.com\/player.html?video=xfe7af&#038;\" allowfullscreen allow=\"autoplay; fullscreen; picture-in-picture; web-share\"><\/iframe><\/p>\n<p>&nbsp;<\/p>\n\r\n    <div class=\"lgpd-accordion-group\" id=\"lgpdAccordion6a95105ecf62e\">\r\n      <div class=\"lgpd-panel lgpd-panel-default\">\r\n        <div class=\"lgpd-panel-heading\">\r\n          <h4 class=\"lgpd-panel-title\">\r\n            <a data-toggle=\"collapse\" data-parent=\"#lgpdAccordion6a95105ecf62e\" href=\"#lgpdCollapselgpdAccordion6a95105ecf62e\" onclick=\"toggleAccordionIcon(this);\">\r\n              Ficha T\u00e9cnica <i class=\"fa lgpd-toggle-icon fa-chevron-down\" aria-hidden=\"true\"><\/i>\r\n            <\/a>\r\n          <\/h4>\r\n        <\/div>\r\n        <div id=\"lgpdCollapselgpdAccordion6a95105ecf62e\" class=\"lgpd-panel-collapse collapse\">\r\n          <div class=\"lgpd-panel-body\">\r\n            <\/p>\n<p><\/p>\n<p><strong><i>Silv\u00e9rio Pessoa e m\u00fasicos<\/i><\/strong><\/p>\n<p><strong>Cantor, m\u00fasico e compositor:<\/strong> Silv\u00e9rio Pessoa<br \/>\n<strong>Acorde\u00e3o:<\/strong> Lucas Dan<br \/>\n<strong>Viola:<\/strong> Thiago Rad<br \/>\n<strong>Zabumba et percussions:<\/strong> Benjamin Ruschi<\/p>\n<p>&nbsp;<\/p>\n<p><strong><i>La Talvera<\/i><\/strong><\/p>\n<p><strong>Cantor, compositor, craba (gaita de foles) e acorde\u00e3o:<\/strong> Daniel Loddo<br \/>\n<strong>Cantora, pife (flauta) e graile (obo\u00e9):<\/strong> C\u00e9line Ricard<br \/>\n<strong>Cantora e violino:<\/strong> Aelis Loddo<br \/>\n<strong>Som:<\/strong> Mathieu Phaurre<\/p>\n<p>&nbsp;<\/p>\n<p>\r\n          <\/div>\r\n        <\/div>\r\n      <\/div>\r\n    <\/div>\n","protected":false},"excerpt":{"rendered":"<p>Silv\u00e9rio Pessoa . BRA[PE] &amp; La Talvera . FRA Sab 27.09 &#8211; 18h | La Grainerie Classifica\u00e7\u00e3o: Livre &nbsp; H\u00e1 mais de 20 anos a cultura do nordeste brasileiro, mais precisamente de Pernambuco, vem dialogando com a cultura Occitan, do sul da Fran\u00e7a, atrav\u00e9s da parceria do m\u00fasico pernambucano Silv\u00e9rio <a class=\"leiamais\" href=\"https:\/\/www.festivaldecircodobrasil.com.br\/2025bra\/concert-forroccitania\/\">LER NOT\u00cdCIA<\/a><\/p>\n","protected":false},"author":1,"featured_media":17489,"comment_status":"open","ping_status":"open","sticky":false,"template":"","format":"standard","meta":{"_acf_changed":false,"footnotes":""},"categories":[5,11],"tags":[],"class_list":["post-17403","post","type-post","status-publish","format-standard","has-post-thumbnail","hentry","category-franca","category-mais","active"],"acf":[],"_links":{"self":[{"href":"https:\/\/www.festivaldecircodobrasil.com.br\/2025bra\/wp-json\/wp\/v2\/posts\/17403","targetHints":{"allow":["GET"]}}],"collection":[{"href":"https:\/\/www.festivaldecircodobrasil.com.br\/2025bra\/wp-json\/wp\/v2\/posts"}],"about":[{"href":"https:\/\/www.festivaldecircodobrasil.com.br\/2025bra\/wp-json\/wp\/v2\/types\/post"}],"author":[{"embeddable":true,"href":"https:\/\/www.festivaldecircodobrasil.com.br\/2025bra\/wp-json\/wp\/v2\/users\/1"}],"replies":[{"embeddable":true,"href":"https:\/\/www.festivaldecircodobrasil.com.br\/2025bra\/wp-json\/wp\/v2\/comments?post=17403"}],"version-history":[{"count":0,"href":"https:\/\/www.festivaldecircodobrasil.com.br\/2025bra\/wp-json\/wp\/v2\/posts\/17403\/revisions"}],"wp:featuredmedia":[{"embeddable":true,"href":"https:\/\/www.festivaldecircodobrasil.com.br\/2025bra\/wp-json\/wp\/v2\/media\/17489"}],"wp:attachment":[{"href":"https:\/\/www.festivaldecircodobrasil.com.br\/2025bra\/wp-json\/wp\/v2\/media?parent=17403"}],"wp:term":[{"taxonomy":"category","embeddable":true,"href":"https:\/\/www.festivaldecircodobrasil.com.br\/2025bra\/wp-json\/wp\/v2\/categories?post=17403"},{"taxonomy":"post_tag","embeddable":true,"href":"https:\/\/www.festivaldecircodobrasil.com.br\/2025bra\/wp-json\/wp\/v2\/tags?post=17403"}],"curies":[{"name":"wp","href":"https:\/\/api.w.org\/{rel}","templated":true}]}}