{"id":17413,"date":"2025-08-24T13:55:01","date_gmt":"2025-08-24T16:55:01","guid":{"rendered":"https:\/\/www.festivaldecircodobrasil.com.br\/2025bra\/?p=17413"},"modified":"2025-10-07T20:54:32","modified_gmt":"2025-10-07T23:54:32","slug":"sarayvara","status":"publish","type":"post","link":"https:\/\/www.festivaldecircodobrasil.com.br\/2025bra\/sarayvara\/","title":{"rendered":"SARAYVARA"},"content":{"rendered":"<p><b>Cia N\u00f3s no Bambu . BRA[DF]<\/b><b><br \/>\n<\/b>Qua 19.09 &#8211; 16h30 | La Grainerie<br \/>\n<i>Classifica\u00e7\u00e3o<\/i>: Livre<br \/>\n<img loading=\"lazy\" decoding=\"async\" class=\"img-responsive alignnone wp-image-17564 size-full\" src=\"https:\/\/www.festivaldecircodobrasil.com.br\/2025bra\/wp-content\/uploads\/2025\/08\/ee2cc3_342dbdbe5c504c1cbf8a41fe10c6a855mv2-2.avif\" alt=\"\" width=\"747\" height=\"498\" srcset=\"https:\/\/www.festivaldecircodobrasil.com.br\/2025bra\/wp-content\/uploads\/2025\/08\/ee2cc3_342dbdbe5c504c1cbf8a41fe10c6a855mv2-2.avif 747w, https:\/\/www.festivaldecircodobrasil.com.br\/2025bra\/wp-content\/uploads\/2025\/08\/ee2cc3_342dbdbe5c504c1cbf8a41fe10c6a855mv2-2-300x200.avif 300w\" sizes=\"auto, (max-width: 747px) 100vw, 747px\" \/><\/p>\n<p><b>\u00c9TAPE DE TRAVAIL<\/b><\/p>\n<p>A vida transformada pelo encontro do corpo de mulher com o corpo de bambu. Em um solo que celebra 21 anos de entrega, Poema M\u00fchlenberg e o bambu, seu parceiro e guia, tecem uma trama de poesia que transita entre circo, dan\u00e7a e teatro. Balaios carregados de encantos revelam bambus que serpenteiam pelo espa\u00e7o, se transformam em extens\u00e3o do corpo e em manto que instaura o sublime, entre brincadeiras e momentos m\u00e1gicos.\u200b<\/p>\n<p>Poema, artista e artes\u00e3, cuida de um bambuzal, colhe, projeta, trata e constr\u00f3i instrumentos de bambu. Ao transpor os saberes artesanais para seu corpo c\u00eanico, ela mergulha em possibilidades infinitas de se reinventar. O enlace simbi\u00f3tico com o bambu semeia uma mensagem sobre a urg\u00eancia de nos reconectarmos com a natureza.<i><br \/>\n<\/i><i><br \/>\n<\/i><i>Entrada gratuita mediante reserva:\u00a0 billetterie@la-grainerie.net\u00a0<\/i><i><br \/>\n<\/i><\/p>\n<p><iframe loading=\"lazy\" title=\"Sarayvara . Cia N\u00f3s No Bambu - BRA[DF]\" width=\"500\" height=\"281\" src=\"https:\/\/www.youtube.com\/embed\/2LbsOZCvzPg?feature=oembed\" frameborder=\"0\" allow=\"accelerometer; autoplay; clipboard-write; encrypted-media; gyroscope; picture-in-picture; web-share\" referrerpolicy=\"strict-origin-when-cross-origin\" allowfullscreen><\/iframe><\/p>\n\r\n    <div class=\"lgpd-accordion-group\" id=\"lgpdAccordion6a95105f6c635\">\r\n      <div class=\"lgpd-panel lgpd-panel-default\">\r\n        <div class=\"lgpd-panel-heading\">\r\n          <h4 class=\"lgpd-panel-title\">\r\n            <a data-toggle=\"collapse\" data-parent=\"#lgpdAccordion6a95105f6c635\" href=\"#lgpdCollapselgpdAccordion6a95105f6c635\" onclick=\"toggleAccordionIcon(this);\">\r\n              Ficha T\u00e9cnica <i class=\"fa lgpd-toggle-icon fa-chevron-down\" aria-hidden=\"true\"><\/i>\r\n            <\/a>\r\n          <\/h4>\r\n        <\/div>\r\n        <div id=\"lgpdCollapselgpdAccordion6a95105f6c635\" class=\"lgpd-panel-collapse collapse\">\r\n          <div class=\"lgpd-panel-body\">\r\n            <\/p>\n<p><\/p>\n<p><strong><i>Concep\u00e7\u00e3o, pesquisa, cria\u00e7\u00e3o, artesania e atua\u00e7\u00e3o<\/i>: Poema M\u00fchlenberg<\/strong><br \/>\n<strong><i>Dire\u00e7\u00e3o<\/i>:<\/strong> Beth Martins<br \/>\n<strong><i>Pesquisa corpo bambu<\/i>:<\/strong> Ana Fl\u00e1via Almeida<br \/>\n<strong><i>Dire\u00e7\u00e3o musical<\/i>:<\/strong> Samuel Mota<br \/>\n<strong><i>Provoca\u00e7\u00e3o c\u00f4mica<\/i>:<\/strong> Elisa Carneiro<br \/>\n<strong><i>Assist\u00eancia de movimento<\/i>:<\/strong> Renato Fernandes<br \/>\n<strong><i>Ilumina\u00e7\u00e3o<\/i>:<\/strong> Dod\u00f4 Giovanetti<br \/>\n<strong><i>Constru\u00e7\u00e3o de instrumentos sonoros de bambu<\/i>:<\/strong> Marcio Vieira<br \/>\n<strong><i>Figurino<\/i>:<\/strong> Maria Carmen \u2013 Goldoni Atelier Cenogr\u00e1fico<br \/>\n<strong><i>Costureiras<\/i>:<\/strong> Ester Ponte et Iracema Rodrigues<br \/>\n<strong><i>Artes\u00e3os<\/i>:<\/strong> Carlos Padrino, Mel Iba\u00f1ez, Salvani Silva<br \/>\n<strong><i>Produ\u00e7\u00e3o de montagem<\/i>:<\/strong> Claudia Leal<br \/>\n<strong><i>Gestora<\/i>:<\/strong> Anamaria M\u00fchlenberg<br \/>\n<strong><i>Fot\u00f3grafo<\/i>:<\/strong> Nathan Nascimento<br \/>\n<strong><i>Cinegrafista<\/i>:<\/strong> Thiago Sabino \u2013 Carbono Studio<br \/>\n<strong><i>Produ\u00e7\u00e3o<\/i>:<\/strong> Galp\u00e3o Bambu \u2013 espace cr\u00e9atif<br \/>\n<strong><i>Realiza\u00e7\u00e3o<\/i>:<\/strong> Cia N\u00f3s No Bambu<\/p>\n<p>\r\n          <\/div>\r\n        <\/div>\r\n      <\/div>\r\n    <\/div>\n","protected":false},"excerpt":{"rendered":"<p>Cia N\u00f3s no Bambu . BRA[DF] Qua 19.09 &#8211; 16h30 | La Grainerie Classifica\u00e7\u00e3o: Livre \u00c9TAPE DE TRAVAIL A vida transformada pelo encontro do corpo de mulher com o corpo de bambu. Em um solo que celebra 21 anos de entrega, Poema M\u00fchlenberg e o bambu, seu parceiro e guia, <a class=\"leiamais\" href=\"https:\/\/www.festivaldecircodobrasil.com.br\/2025bra\/sarayvara\/\">LER NOT\u00cdCIA<\/a><\/p>\n","protected":false},"author":1,"featured_media":17472,"comment_status":"open","ping_status":"open","sticky":false,"template":"","format":"standard","meta":{"_acf_changed":false,"footnotes":""},"categories":[12,5],"tags":[],"class_list":["post-17413","post","type-post","status-publish","format-standard","has-post-thumbnail","hentry","category-espetaculos","category-franca","active"],"acf":[],"_links":{"self":[{"href":"https:\/\/www.festivaldecircodobrasil.com.br\/2025bra\/wp-json\/wp\/v2\/posts\/17413","targetHints":{"allow":["GET"]}}],"collection":[{"href":"https:\/\/www.festivaldecircodobrasil.com.br\/2025bra\/wp-json\/wp\/v2\/posts"}],"about":[{"href":"https:\/\/www.festivaldecircodobrasil.com.br\/2025bra\/wp-json\/wp\/v2\/types\/post"}],"author":[{"embeddable":true,"href":"https:\/\/www.festivaldecircodobrasil.com.br\/2025bra\/wp-json\/wp\/v2\/users\/1"}],"replies":[{"embeddable":true,"href":"https:\/\/www.festivaldecircodobrasil.com.br\/2025bra\/wp-json\/wp\/v2\/comments?post=17413"}],"version-history":[{"count":4,"href":"https:\/\/www.festivaldecircodobrasil.com.br\/2025bra\/wp-json\/wp\/v2\/posts\/17413\/revisions"}],"predecessor-version":[{"id":17593,"href":"https:\/\/www.festivaldecircodobrasil.com.br\/2025bra\/wp-json\/wp\/v2\/posts\/17413\/revisions\/17593"}],"wp:featuredmedia":[{"embeddable":true,"href":"https:\/\/www.festivaldecircodobrasil.com.br\/2025bra\/wp-json\/wp\/v2\/media\/17472"}],"wp:attachment":[{"href":"https:\/\/www.festivaldecircodobrasil.com.br\/2025bra\/wp-json\/wp\/v2\/media?parent=17413"}],"wp:term":[{"taxonomy":"category","embeddable":true,"href":"https:\/\/www.festivaldecircodobrasil.com.br\/2025bra\/wp-json\/wp\/v2\/categories?post=17413"},{"taxonomy":"post_tag","embeddable":true,"href":"https:\/\/www.festivaldecircodobrasil.com.br\/2025bra\/wp-json\/wp\/v2\/tags?post=17413"}],"curies":[{"name":"wp","href":"https:\/\/api.w.org\/{rel}","templated":true}]}}