{"id":17486,"date":"2025-09-10T18:23:48","date_gmt":"2025-09-10T21:23:48","guid":{"rendered":"https:\/\/www.festivaldecircodobrasil.com.br\/2025bra\/?p=17486"},"modified":"2025-09-22T21:09:23","modified_gmt":"2025-09-23T00:09:23","slug":"cine-circo","status":"publish","type":"post","link":"https:\/\/www.festivaldecircodobrasil.com.br\/2025bra\/cine-circo\/","title":{"rendered":"CINE CIRCO"},"content":{"rendered":"<p><b>Coletivo Instrumento de Ver <\/b><b>BRA[DF]<\/b><b><br \/>\n<\/b>Sex 25.09 | \u00c9sacto\u2019Lido<br \/>\n<i>Classifica\u00e7\u00e3o<\/i>: Livre<\/p>\n<p><b><img loading=\"lazy\" decoding=\"async\" class=\"img-responsive aligncenter size-full wp-image-17487\" src=\"https:\/\/www.festivaldecircodobrasil.com.br\/2025bra\/wp-content\/uploads\/2025\/09\/espetaculo-cinecirco.jpg\" alt=\"\" width=\"1200\" height=\"770\" srcset=\"https:\/\/www.festivaldecircodobrasil.com.br\/2025bra\/wp-content\/uploads\/2025\/09\/espetaculo-cinecirco.jpg 1200w, https:\/\/www.festivaldecircodobrasil.com.br\/2025bra\/wp-content\/uploads\/2025\/09\/espetaculo-cinecirco-300x193.jpg 300w, https:\/\/www.festivaldecircodobrasil.com.br\/2025bra\/wp-content\/uploads\/2025\/09\/espetaculo-cinecirco-1024x657.jpg 1024w, https:\/\/www.festivaldecircodobrasil.com.br\/2025bra\/wp-content\/uploads\/2025\/09\/espetaculo-cinecirco-768x493.jpg 768w\" sizes=\"auto, (max-width: 1200px) 100vw, 1200px\" \/><\/b><\/p>\n<p>&nbsp;<\/p>\n<p>Apresenta\u00e7\u00e3o exclusiva dos curtas-metragens do Coletivo Instrumento de Ver. Ser\u00e3o apresentados quatro curtas-metragens, seguidos de um debate com o p\u00fablico para compartilhar o processo criativo.<\/p>\n<p>Ser\u00e3o discutidos os entrela\u00e7amentos entre as linguagens circense e audiovisual, as adapta\u00e7\u00f5es necess\u00e1rias, a g\u00eanese de cada obra, suas respectivas trajet\u00f3rias e os recursos t\u00e9cnicos necess\u00e1rios. Este ser\u00e1 um ponto de encontro para descobrir o universo do coletivo por dentro e discutir as conex\u00f5es entre corpo, imagem e cria\u00e7\u00e3o art\u00edstica.<\/p>\n<p><b>Assum Preto<\/b> &#8211; Dura\u00e7\u00e3o 04 minutos<br \/>\n<b>Homem Banco<\/b> &#8211; Dura\u00e7\u00e3o 12 minutos<br \/>\n<b>Exufrida<\/b> &#8211; Dura\u00e7\u00e3o 07 minutos<br \/>\n<b>23 Fragmentos<\/b> &#8211; Dura\u00e7\u00e3o 05 minutos<br \/>\n*<i>Exibi\u00e7\u00e3o seguida de debate<\/i><\/p>\n<p>&nbsp;<\/p>\n\r\n    <div class=\"lgpd-accordion-group\" id=\"lgpdAccordion6a95105ecefff\">\r\n      <div class=\"lgpd-panel lgpd-panel-default\">\r\n        <div class=\"lgpd-panel-heading\">\r\n          <h4 class=\"lgpd-panel-title\">\r\n            <a data-toggle=\"collapse\" data-parent=\"#lgpdAccordion6a95105ecefff\" href=\"#lgpdCollapselgpdAccordion6a95105ecefff\" onclick=\"toggleAccordionIcon(this);\">\r\n              Ficha T\u00e9cnica <i class=\"fa lgpd-toggle-icon fa-chevron-down\" aria-hidden=\"true\"><\/i>\r\n            <\/a>\r\n          <\/h4>\r\n        <\/div>\r\n        <div id=\"lgpdCollapselgpdAccordion6a95105ecefff\" class=\"lgpd-panel-collapse collapse\">\r\n          <div class=\"lgpd-panel-body\">\r\n            <\/p>\n<p><\/p>\n<p><strong>Diretor audiovisual e curador:<\/strong> C\u00edcero Fraga<\/p>\n<p>\r\n          <\/div>\r\n        <\/div>\r\n      <\/div>\r\n    <\/div>\n","protected":false},"excerpt":{"rendered":"<p>Coletivo Instrumento de Ver BRA[DF] Sex 25.09 | \u00c9sacto\u2019Lido Classifica\u00e7\u00e3o: Livre &nbsp; Apresenta\u00e7\u00e3o exclusiva dos curtas-metragens do Coletivo Instrumento de Ver. Ser\u00e3o apresentados quatro curtas-metragens, seguidos de um debate com o p\u00fablico para compartilhar o processo criativo. Ser\u00e3o discutidos os entrela\u00e7amentos entre as linguagens circense e audiovisual, as adapta\u00e7\u00f5es necess\u00e1rias, <a class=\"leiamais\" href=\"https:\/\/www.festivaldecircodobrasil.com.br\/2025bra\/cine-circo\/\">LER NOT\u00cdCIA<\/a><\/p>\n","protected":false},"author":1,"featured_media":17487,"comment_status":"open","ping_status":"open","sticky":false,"template":"","format":"standard","meta":{"_acf_changed":false,"footnotes":""},"categories":[5,11],"tags":[],"class_list":["post-17486","post","type-post","status-publish","format-standard","has-post-thumbnail","hentry","category-franca","category-mais","active"],"acf":[],"_links":{"self":[{"href":"https:\/\/www.festivaldecircodobrasil.com.br\/2025bra\/wp-json\/wp\/v2\/posts\/17486","targetHints":{"allow":["GET"]}}],"collection":[{"href":"https:\/\/www.festivaldecircodobrasil.com.br\/2025bra\/wp-json\/wp\/v2\/posts"}],"about":[{"href":"https:\/\/www.festivaldecircodobrasil.com.br\/2025bra\/wp-json\/wp\/v2\/types\/post"}],"author":[{"embeddable":true,"href":"https:\/\/www.festivaldecircodobrasil.com.br\/2025bra\/wp-json\/wp\/v2\/users\/1"}],"replies":[{"embeddable":true,"href":"https:\/\/www.festivaldecircodobrasil.com.br\/2025bra\/wp-json\/wp\/v2\/comments?post=17486"}],"version-history":[{"count":2,"href":"https:\/\/www.festivaldecircodobrasil.com.br\/2025bra\/wp-json\/wp\/v2\/posts\/17486\/revisions"}],"predecessor-version":[{"id":17561,"href":"https:\/\/www.festivaldecircodobrasil.com.br\/2025bra\/wp-json\/wp\/v2\/posts\/17486\/revisions\/17561"}],"wp:featuredmedia":[{"embeddable":true,"href":"https:\/\/www.festivaldecircodobrasil.com.br\/2025bra\/wp-json\/wp\/v2\/media\/17487"}],"wp:attachment":[{"href":"https:\/\/www.festivaldecircodobrasil.com.br\/2025bra\/wp-json\/wp\/v2\/media?parent=17486"}],"wp:term":[{"taxonomy":"category","embeddable":true,"href":"https:\/\/www.festivaldecircodobrasil.com.br\/2025bra\/wp-json\/wp\/v2\/categories?post=17486"},{"taxonomy":"post_tag","embeddable":true,"href":"https:\/\/www.festivaldecircodobrasil.com.br\/2025bra\/wp-json\/wp\/v2\/tags?post=17486"}],"curies":[{"name":"wp","href":"https:\/\/api.w.org\/{rel}","templated":true}]}}