{"id":17492,"date":"2025-09-10T18:29:21","date_gmt":"2025-09-10T21:29:21","guid":{"rendered":"https:\/\/www.festivaldecircodobrasil.com.br\/2025bra\/?p=17492"},"modified":"2025-09-22T21:06:12","modified_gmt":"2025-09-23T00:06:12","slug":"concert-trio-brasilia-afro-jazz","status":"publish","type":"post","link":"https:\/\/www.festivaldecircodobrasil.com.br\/2025bra\/concert-trio-brasilia-afro-jazz\/","title":{"rendered":"CONCERTO TRIO BRAS\u00cdLIA AFRO JAZZ"},"content":{"rendered":"<p><b>Coletivo Instrumento de Ver . BRA[DF]<\/b><br \/>\nDom 28.09 &#8211; 18h | La Grainerie<br \/>\n<i>Classifica\u00e7\u00e3o<\/i>: Livre<\/p>\n<p><img loading=\"lazy\" decoding=\"async\" class=\"img-responsive aligncenter size-full wp-image-17542\" src=\"https:\/\/www.festivaldecircodobrasil.com.br\/2025bra\/wp-content\/uploads\/2025\/09\/PHOTO-2025-08-27-18-02-23.jpg\" alt=\"\" width=\"1600\" height=\"1067\" srcset=\"https:\/\/www.festivaldecircodobrasil.com.br\/2025bra\/wp-content\/uploads\/2025\/09\/PHOTO-2025-08-27-18-02-23.jpg 1600w, https:\/\/www.festivaldecircodobrasil.com.br\/2025bra\/wp-content\/uploads\/2025\/09\/PHOTO-2025-08-27-18-02-23-300x200.jpg 300w, https:\/\/www.festivaldecircodobrasil.com.br\/2025bra\/wp-content\/uploads\/2025\/09\/PHOTO-2025-08-27-18-02-23-1024x683.jpg 1024w, https:\/\/www.festivaldecircodobrasil.com.br\/2025bra\/wp-content\/uploads\/2025\/09\/PHOTO-2025-08-27-18-02-23-768x512.jpg 768w, https:\/\/www.festivaldecircodobrasil.com.br\/2025bra\/wp-content\/uploads\/2025\/09\/PHOTO-2025-08-27-18-02-23-1536x1024.jpg 1536w\" sizes=\"auto, (max-width: 1600px) 100vw, 1600px\" \/><\/p>\n<p>O Trio Bras\u00edlia Afro Jazz \u00e9 uma banda de jazz brasileira nascida na capital do Pa\u00eds, vinda diretamente das terras \u00e1ridas do Planalto Central. Com composi\u00e7\u00f5es pr\u00f3prias e algumas releituras, exploram diferentes sonoridades percussivas que se unem \u00e0 delicadeza dos instrumentos de sopro e a um baixo marcante.<\/p>\n<p>&nbsp;<\/p>\n\r\n    <div class=\"lgpd-accordion-group\" id=\"lgpdAccordion6a9510c70be28\">\r\n      <div class=\"lgpd-panel lgpd-panel-default\">\r\n        <div class=\"lgpd-panel-heading\">\r\n          <h4 class=\"lgpd-panel-title\">\r\n            <a data-toggle=\"collapse\" data-parent=\"#lgpdAccordion6a9510c70be28\" href=\"#lgpdCollapselgpdAccordion6a9510c70be28\" onclick=\"toggleAccordionIcon(this);\">\r\n              Ficha T\u00e9cnica <i class=\"fa lgpd-toggle-icon fa-chevron-down\" aria-hidden=\"true\"><\/i>\r\n            <\/a>\r\n          <\/h4>\r\n        <\/div>\r\n        <div id=\"lgpdCollapselgpdAccordion6a9510c70be28\" class=\"lgpd-panel-collapse collapse\">\r\n          <div class=\"lgpd-panel-body\">\r\n            <\/p>\n<p><\/p>\n<p><strong>Jo\u00e3o Gabriel Joshua<\/strong> (saxophone, flauta)<br \/>\n<strong>Lucas Rodrigues<\/strong> (baixo)<br \/>\n<strong>Felipe FIuza<\/strong> (percuss\u00e3o)<\/p>\n<p>\r\n          <\/div>\r\n        <\/div>\r\n      <\/div>\r\n    <\/div>\n","protected":false},"excerpt":{"rendered":"<p>Coletivo Instrumento de Ver . BRA[DF] Dom 28.09 &#8211; 18h | La Grainerie Classifica\u00e7\u00e3o: Livre O Trio Bras\u00edlia Afro Jazz \u00e9 uma banda de jazz brasileira nascida na capital do Pa\u00eds, vinda diretamente das terras \u00e1ridas do Planalto Central. Com composi\u00e7\u00f5es pr\u00f3prias e algumas releituras, exploram diferentes sonoridades percussivas que <a class=\"leiamais\" href=\"https:\/\/www.festivaldecircodobrasil.com.br\/2025bra\/concert-trio-brasilia-afro-jazz\/\">LER NOT\u00cdCIA<\/a><\/p>\n","protected":false},"author":1,"featured_media":17542,"comment_status":"open","ping_status":"open","sticky":false,"template":"","format":"standard","meta":{"_acf_changed":false,"footnotes":""},"categories":[5,11],"tags":[],"class_list":["post-17492","post","type-post","status-publish","format-standard","has-post-thumbnail","hentry","category-franca","category-mais","active"],"acf":[],"_links":{"self":[{"href":"https:\/\/www.festivaldecircodobrasil.com.br\/2025bra\/wp-json\/wp\/v2\/posts\/17492","targetHints":{"allow":["GET"]}}],"collection":[{"href":"https:\/\/www.festivaldecircodobrasil.com.br\/2025bra\/wp-json\/wp\/v2\/posts"}],"about":[{"href":"https:\/\/www.festivaldecircodobrasil.com.br\/2025bra\/wp-json\/wp\/v2\/types\/post"}],"author":[{"embeddable":true,"href":"https:\/\/www.festivaldecircodobrasil.com.br\/2025bra\/wp-json\/wp\/v2\/users\/1"}],"replies":[{"embeddable":true,"href":"https:\/\/www.festivaldecircodobrasil.com.br\/2025bra\/wp-json\/wp\/v2\/comments?post=17492"}],"version-history":[{"count":1,"href":"https:\/\/www.festivaldecircodobrasil.com.br\/2025bra\/wp-json\/wp\/v2\/posts\/17492\/revisions"}],"predecessor-version":[{"id":17559,"href":"https:\/\/www.festivaldecircodobrasil.com.br\/2025bra\/wp-json\/wp\/v2\/posts\/17492\/revisions\/17559"}],"wp:featuredmedia":[{"embeddable":true,"href":"https:\/\/www.festivaldecircodobrasil.com.br\/2025bra\/wp-json\/wp\/v2\/media\/17542"}],"wp:attachment":[{"href":"https:\/\/www.festivaldecircodobrasil.com.br\/2025bra\/wp-json\/wp\/v2\/media?parent=17492"}],"wp:term":[{"taxonomy":"category","embeddable":true,"href":"https:\/\/www.festivaldecircodobrasil.com.br\/2025bra\/wp-json\/wp\/v2\/categories?post=17492"},{"taxonomy":"post_tag","embeddable":true,"href":"https:\/\/www.festivaldecircodobrasil.com.br\/2025bra\/wp-json\/wp\/v2\/tags?post=17492"}],"curies":[{"name":"wp","href":"https:\/\/api.w.org\/{rel}","templated":true}]}}