{"id":17495,"date":"2025-09-10T18:36:38","date_gmt":"2025-09-10T21:36:38","guid":{"rendered":"https:\/\/www.festivaldecircodobrasil.com.br\/2025bra\/?p=17495"},"modified":"2025-09-22T21:05:10","modified_gmt":"2025-09-23T00:05:10","slug":"exposition-assum-preto","status":"publish","type":"post","link":"https:\/\/www.festivaldecircodobrasil.com.br\/2025bra\/exposition-assum-preto\/","title":{"rendered":"EXPOSI\u00c7\u00c3O ASSUM PRETO"},"content":{"rendered":"<p><b>Coletivo Instrumento de Ver . BRA[DF]<\/b><b><br \/>\n<\/b>24 a 28.09 | La Grainerie<br \/>\n<i>Classifica\u00e7\u00e3o: <\/i>Livre<\/p>\n<p><img loading=\"lazy\" decoding=\"async\" class=\"img-responsive aligncenter size-full wp-image-17497\" src=\"https:\/\/www.festivaldecircodobrasil.com.br\/2025bra\/wp-content\/uploads\/2025\/09\/espetaculo-exposicao-assumpreto.jpg\" alt=\"\" width=\"1200\" height=\"770\" srcset=\"https:\/\/www.festivaldecircodobrasil.com.br\/2025bra\/wp-content\/uploads\/2025\/09\/espetaculo-exposicao-assumpreto.jpg 1200w, https:\/\/www.festivaldecircodobrasil.com.br\/2025bra\/wp-content\/uploads\/2025\/09\/espetaculo-exposicao-assumpreto-300x193.jpg 300w, https:\/\/www.festivaldecircodobrasil.com.br\/2025bra\/wp-content\/uploads\/2025\/09\/espetaculo-exposicao-assumpreto-1024x657.jpg 1024w, https:\/\/www.festivaldecircodobrasil.com.br\/2025bra\/wp-content\/uploads\/2025\/09\/espetaculo-exposicao-assumpreto-768x493.jpg 768w\" sizes=\"auto, (max-width: 1200px) 100vw, 1200px\" \/><\/p>\n<p>&nbsp;<\/p>\n<p>A exposi\u00e7\u00e3o &#8220;Assum Preto&#8221; do artista pl\u00e1stico e membro do Coletivo Instrumento de Ver, Marco Motta, \u00e9 uma mostra de pinturas simb\u00f3licas e expressivas.<\/p>\n<p>A exposi\u00e7\u00e3o \u00e9 um projeto que complementa o espet\u00e1culo circense musical &#8220;Assum Preto&#8221;, onde Marco Motta, nascido em Salvador, apresenta suas pesquisas corporais e de contorcionismo nos aparelhos a\u00e9reos, com uma obra pict\u00f3rica que reflete essa mesma linguagem de movimento.<\/p>\n\r\n    <div class=\"lgpd-accordion-group\" id=\"lgpdAccordion6a9510c23b8bb\">\r\n      <div class=\"lgpd-panel lgpd-panel-default\">\r\n        <div class=\"lgpd-panel-heading\">\r\n          <h4 class=\"lgpd-panel-title\">\r\n            <a data-toggle=\"collapse\" data-parent=\"#lgpdAccordion6a9510c23b8bb\" href=\"#lgpdCollapselgpdAccordion6a9510c23b8bb\" onclick=\"toggleAccordionIcon(this);\">\r\n              Ficha T\u00e9cnica <i class=\"fa lgpd-toggle-icon fa-chevron-down\" aria-hidden=\"true\"><\/i>\r\n            <\/a>\r\n          <\/h4>\r\n        <\/div>\r\n        <div id=\"lgpdCollapselgpdAccordion6a9510c23b8bb\" class=\"lgpd-panel-collapse collapse\">\r\n          <div class=\"lgpd-panel-body\">\r\n            <\/p>\n<p><\/p>\n<p><strong>Pintor:<\/strong> Marco Motta<\/p>\n<p>\r\n          <\/div>\r\n        <\/div>\r\n      <\/div>\r\n    <\/div>\n","protected":false},"excerpt":{"rendered":"<p>Coletivo Instrumento de Ver . BRA[DF] 24 a 28.09 | La Grainerie Classifica\u00e7\u00e3o: Livre &nbsp; A exposi\u00e7\u00e3o &#8220;Assum Preto&#8221; do artista pl\u00e1stico e membro do Coletivo Instrumento de Ver, Marco Motta, \u00e9 uma mostra de pinturas simb\u00f3licas e expressivas. A exposi\u00e7\u00e3o \u00e9 um projeto que complementa o espet\u00e1culo circense musical <a class=\"leiamais\" href=\"https:\/\/www.festivaldecircodobrasil.com.br\/2025bra\/exposition-assum-preto\/\">LER NOT\u00cdCIA<\/a><\/p>\n","protected":false},"author":1,"featured_media":17497,"comment_status":"open","ping_status":"open","sticky":false,"template":"","format":"standard","meta":{"_acf_changed":false,"footnotes":""},"categories":[5,11],"tags":[],"class_list":["post-17495","post","type-post","status-publish","format-standard","has-post-thumbnail","hentry","category-franca","category-mais","active"],"acf":[],"_links":{"self":[{"href":"https:\/\/www.festivaldecircodobrasil.com.br\/2025bra\/wp-json\/wp\/v2\/posts\/17495","targetHints":{"allow":["GET"]}}],"collection":[{"href":"https:\/\/www.festivaldecircodobrasil.com.br\/2025bra\/wp-json\/wp\/v2\/posts"}],"about":[{"href":"https:\/\/www.festivaldecircodobrasil.com.br\/2025bra\/wp-json\/wp\/v2\/types\/post"}],"author":[{"embeddable":true,"href":"https:\/\/www.festivaldecircodobrasil.com.br\/2025bra\/wp-json\/wp\/v2\/users\/1"}],"replies":[{"embeddable":true,"href":"https:\/\/www.festivaldecircodobrasil.com.br\/2025bra\/wp-json\/wp\/v2\/comments?post=17495"}],"version-history":[{"count":2,"href":"https:\/\/www.festivaldecircodobrasil.com.br\/2025bra\/wp-json\/wp\/v2\/posts\/17495\/revisions"}],"predecessor-version":[{"id":17557,"href":"https:\/\/www.festivaldecircodobrasil.com.br\/2025bra\/wp-json\/wp\/v2\/posts\/17495\/revisions\/17557"}],"wp:featuredmedia":[{"embeddable":true,"href":"https:\/\/www.festivaldecircodobrasil.com.br\/2025bra\/wp-json\/wp\/v2\/media\/17497"}],"wp:attachment":[{"href":"https:\/\/www.festivaldecircodobrasil.com.br\/2025bra\/wp-json\/wp\/v2\/media?parent=17495"}],"wp:term":[{"taxonomy":"category","embeddable":true,"href":"https:\/\/www.festivaldecircodobrasil.com.br\/2025bra\/wp-json\/wp\/v2\/categories?post=17495"},{"taxonomy":"post_tag","embeddable":true,"href":"https:\/\/www.festivaldecircodobrasil.com.br\/2025bra\/wp-json\/wp\/v2\/tags?post=17495"}],"curies":[{"name":"wp","href":"https:\/\/api.w.org\/{rel}","templated":true}]}}