{"id":17659,"date":"2025-10-14T16:15:57","date_gmt":"2025-10-14T19:15:57","guid":{"rendered":"https:\/\/www.festivaldecircodobrasil.com.br\/2025bra\/?p=17659"},"modified":"2025-11-03T16:12:39","modified_gmt":"2025-11-03T19:12:39","slug":"lancamento-do-livro-mateus-de-uma-vida-inteira","status":"publish","type":"post","link":"https:\/\/www.festivaldecircodobrasil.com.br\/2025bra\/lancamento-do-livro-mateus-de-uma-vida-inteira\/","title":{"rendered":"LIVRO | MATEUS DE UMA VIDA INTEIRA"},"content":{"rendered":"<p><em>Sebasti\u00e3o Pereira de Lima (Mestre Martelo) . BR[PE]<br \/>\nBate-papo com Mestre Martelo e Cibele Mateus<\/em><b><br \/>\n<\/b><span style=\"font-weight: 400;\"><strong>05\/11 &#8211; 16h | Pa\u00e7o do Frevo<\/strong><br \/>\n<\/span><span style=\"font-weight: 400;\"><br \/>\n<\/span><span style=\"font-weight: 400;\"><img loading=\"lazy\" decoding=\"async\" class=\"img-responsive wp-image-17660 size-full aligncenter\" src=\"https:\/\/www.festivaldecircodobrasil.com.br\/2025bra\/wp-content\/uploads\/2025\/10\/Design-sem-nome-5-1.png\" alt=\"\" width=\"1200\" height=\"770\" srcset=\"https:\/\/www.festivaldecircodobrasil.com.br\/2025bra\/wp-content\/uploads\/2025\/10\/Design-sem-nome-5-1.png 1200w, https:\/\/www.festivaldecircodobrasil.com.br\/2025bra\/wp-content\/uploads\/2025\/10\/Design-sem-nome-5-1-300x193.png 300w, https:\/\/www.festivaldecircodobrasil.com.br\/2025bra\/wp-content\/uploads\/2025\/10\/Design-sem-nome-5-1-1024x657.png 1024w, https:\/\/www.festivaldecircodobrasil.com.br\/2025bra\/wp-content\/uploads\/2025\/10\/Design-sem-nome-5-1-768x493.png 768w\" sizes=\"auto, (max-width: 1200px) 100vw, 1200px\" \/><\/span><\/p>\n<p>Projeto de pesquisa dedicado \u00e0 figura do Mateus no Cavalo Marinho Pernambucano, com foco na vida e obra de Sebasti\u00e3o Pereira de Lima, o Mestre Martelo, o Mateus mais antigo em atividade no Brasil, aos 88 anos. Realizado por Od\u00edlia Nunes, Cibele Mateus e Vanessa Rosa, o trabalho busca preservar e valorizar a mem\u00f3ria, saberes e experi\u00eancias desse mestre da palha\u00e7aria popular e da comicidade negra. De sua pequena casa em Condado (PE), Mestre Martelo guarda um verdadeiro acervo vivo da cultura popular: versos, loas, causos e lembran\u00e7as de noites inteiras de Cavalo-Marinho \u2014 essa brincadeira ancestral que mistura m\u00fasica, dan\u00e7a, m\u00e1scaras, personagens e encantamento. Mais que uma homenagem, \u00e9 um ato de resist\u00eancia e celebra\u00e7\u00e3o da cultura ancestral viva.<\/p>\n\r\n    <div class=\"lgpd-accordion-group\" id=\"lgpdAccordion6a9510c26d40a\">\r\n      <div class=\"lgpd-panel lgpd-panel-default\">\r\n        <div class=\"lgpd-panel-heading\">\r\n          <h4 class=\"lgpd-panel-title\">\r\n            <a data-toggle=\"collapse\" data-parent=\"#lgpdAccordion6a9510c26d40a\" href=\"#lgpdCollapselgpdAccordion6a9510c26d40a\" onclick=\"toggleAccordionIcon(this);\">\r\n              Ficha T\u00e9cnica <i class=\"fa lgpd-toggle-icon fa-chevron-down\" aria-hidden=\"true\"><\/i>\r\n            <\/a>\r\n          <\/h4>\r\n        <\/div>\r\n        <div id=\"lgpdCollapselgpdAccordion6a9510c26d40a\" class=\"lgpd-panel-collapse collapse\">\r\n          <div class=\"lgpd-panel-body\">\r\n            <\/p>\n<p><\/p>\n<div><strong>Autor:<\/strong> Sebasti\u00e3o Pereira de Lima (mestre Martelo)<\/div>\n<div><strong>Organiza\u00e7\u00e3o:<\/strong> Cibele Mateus e Od\u00edlia Nunes<\/div>\n<div><strong>Revis\u00e3o:<\/strong> Bebel Nepomuceno<\/div>\n<div><strong>Diagrama\u00e7\u00e3o:<\/strong> Leticia Graciano<\/div>\n<div><strong>Ilustra\u00e7\u00e3o:<\/strong> Leticia Graciano<\/div>\n<div><strong>Ilustra\u00e7\u00e3o em aquarela<\/strong>: Isabel Gomide<\/div>\n<div><strong>Capista:<\/strong> Leticia Graciano<\/div>\n<div><strong>Fotografia:<\/strong> Ana Calline, Claudia Dalla Nora e Diego Pontes<\/div>\n<div><strong>Colabora\u00e7\u00e3o na organiza\u00e7\u00e3o:<\/strong> Vanessa Rosa<\/div>\n<p>\r\n          <\/div>\r\n        <\/div>\r\n      <\/div>\r\n    <\/div>\n<p><span style=\"font-weight: 400;\">\u00a0<\/span><\/p>\n","protected":false},"excerpt":{"rendered":"<p>Sebasti\u00e3o Pereira de Lima (Mestre Martelo) . BR[PE] Bate-papo com Mestre Martelo e Cibele Mateus 05\/11 &#8211; 16h | Pa\u00e7o do Frevo Projeto de pesquisa dedicado \u00e0 figura do Mateus no Cavalo Marinho Pernambucano, com foco na vida e obra de Sebasti\u00e3o Pereira de Lima, o Mestre Martelo, o Mateus <a class=\"leiamais\" href=\"https:\/\/www.festivaldecircodobrasil.com.br\/2025bra\/lancamento-do-livro-mateus-de-uma-vida-inteira\/\">LER NOT\u00cdCIA<\/a><\/p>\n","protected":false},"author":3,"featured_media":17660,"comment_status":"open","ping_status":"open","sticky":false,"template":"","format":"standard","meta":{"_acf_changed":false,"footnotes":""},"categories":[14,16],"tags":[],"class_list":["post-17659","post","type-post","status-publish","format-standard","has-post-thumbnail","hentry","category-brasil","category-mais-brasil","active"],"acf":[],"_links":{"self":[{"href":"https:\/\/www.festivaldecircodobrasil.com.br\/2025bra\/wp-json\/wp\/v2\/posts\/17659","targetHints":{"allow":["GET"]}}],"collection":[{"href":"https:\/\/www.festivaldecircodobrasil.com.br\/2025bra\/wp-json\/wp\/v2\/posts"}],"about":[{"href":"https:\/\/www.festivaldecircodobrasil.com.br\/2025bra\/wp-json\/wp\/v2\/types\/post"}],"author":[{"embeddable":true,"href":"https:\/\/www.festivaldecircodobrasil.com.br\/2025bra\/wp-json\/wp\/v2\/users\/3"}],"replies":[{"embeddable":true,"href":"https:\/\/www.festivaldecircodobrasil.com.br\/2025bra\/wp-json\/wp\/v2\/comments?post=17659"}],"version-history":[{"count":14,"href":"https:\/\/www.festivaldecircodobrasil.com.br\/2025bra\/wp-json\/wp\/v2\/posts\/17659\/revisions"}],"predecessor-version":[{"id":18795,"href":"https:\/\/www.festivaldecircodobrasil.com.br\/2025bra\/wp-json\/wp\/v2\/posts\/17659\/revisions\/18795"}],"wp:featuredmedia":[{"embeddable":true,"href":"https:\/\/www.festivaldecircodobrasil.com.br\/2025bra\/wp-json\/wp\/v2\/media\/17660"}],"wp:attachment":[{"href":"https:\/\/www.festivaldecircodobrasil.com.br\/2025bra\/wp-json\/wp\/v2\/media?parent=17659"}],"wp:term":[{"taxonomy":"category","embeddable":true,"href":"https:\/\/www.festivaldecircodobrasil.com.br\/2025bra\/wp-json\/wp\/v2\/categories?post=17659"},{"taxonomy":"post_tag","embeddable":true,"href":"https:\/\/www.festivaldecircodobrasil.com.br\/2025bra\/wp-json\/wp\/v2\/tags?post=17659"}],"curies":[{"name":"wp","href":"https:\/\/api.w.org\/{rel}","templated":true}]}}