{"id":17674,"date":"2025-10-14T16:29:55","date_gmt":"2025-10-14T19:29:55","guid":{"rendered":"https:\/\/www.festivaldecircodobrasil.com.br\/2025bra\/?p=17674"},"modified":"2025-10-22T23:05:31","modified_gmt":"2025-10-23T02:05:31","slug":"aulao-de-yoga","status":"publish","type":"post","link":"https:\/\/www.festivaldecircodobrasil.com.br\/2025bra\/aulao-de-yoga\/","title":{"rendered":"AUL\u00c3O DE YOGA"},"content":{"rendered":"<p><span style=\"font-weight: 400;\"><em>Tereza Freire . BR[SP]<\/em><b><br \/>\n<\/b><strong>2\/11 &#8211; 9h | Parque Santana<\/strong><\/span><\/p>\n<p>Tereza Freire pratica yoga h\u00e1 25 anos. Ex-bailarina e artista circense, encontrou no yoga a s\u00edntese de todas as experi\u00eancias vividas no corpo e na arte. Depois da primeira pr\u00e1tica, decidiu dedicar-se a compartilhar o yoga com o maior n\u00famero de pessoas, pois essa pr\u00e1tica transformou a sua vida.<\/p>\n<p><span style=\"font-weight: 400;\">No festival de circo, Tereza vai conduzir uma sess\u00e3o simples e acess\u00edvel a todas as idades e tipos de corpo. Basta trazer seu tapete ou uma canga, \u00e1gua e disposi\u00e7\u00e3o para mergulhar em uma experi\u00eancia capaz de transformar corpo e mente.<\/span><\/p>\n<p><img loading=\"lazy\" decoding=\"async\" class=\"img-responsive size-large wp-image-17678 alignleft\" src=\"https:\/\/www.festivaldecircodobrasil.com.br\/2025bra\/wp-content\/uploads\/2025\/10\/WhatsApp-Image-2025-10-14-at-13.04.06-1-768x1024.jpeg\" alt=\"\" width=\"768\" height=\"1024\" srcset=\"https:\/\/www.festivaldecircodobrasil.com.br\/2025bra\/wp-content\/uploads\/2025\/10\/WhatsApp-Image-2025-10-14-at-13.04.06-1-768x1024.jpeg 768w, https:\/\/www.festivaldecircodobrasil.com.br\/2025bra\/wp-content\/uploads\/2025\/10\/WhatsApp-Image-2025-10-14-at-13.04.06-1-225x300.jpeg 225w, https:\/\/www.festivaldecircodobrasil.com.br\/2025bra\/wp-content\/uploads\/2025\/10\/WhatsApp-Image-2025-10-14-at-13.04.06-1.jpeg 960w\" sizes=\"auto, (max-width: 768px) 100vw, 768px\" \/><\/p>\n<p>&nbsp;<\/p>\n","protected":false},"excerpt":{"rendered":"<p>Tereza Freire . BR[SP] 2\/11 &#8211; 9h | Parque Santana Tereza Freire pratica yoga h\u00e1 25 anos. Ex-bailarina e artista circense, encontrou no yoga a s\u00edntese de todas as experi\u00eancias vividas no corpo e na arte. Depois da primeira pr\u00e1tica, decidiu dedicar-se a compartilhar o yoga com o maior n\u00famero <a class=\"leiamais\" href=\"https:\/\/www.festivaldecircodobrasil.com.br\/2025bra\/aulao-de-yoga\/\">LER NOT\u00cdCIA<\/a><\/p>\n","protected":false},"author":3,"featured_media":17676,"comment_status":"open","ping_status":"open","sticky":false,"template":"","format":"standard","meta":{"_acf_changed":false,"footnotes":""},"categories":[14,16],"tags":[],"class_list":["post-17674","post","type-post","status-publish","format-standard","has-post-thumbnail","hentry","category-brasil","category-mais-brasil","active"],"acf":[],"_links":{"self":[{"href":"https:\/\/www.festivaldecircodobrasil.com.br\/2025bra\/wp-json\/wp\/v2\/posts\/17674","targetHints":{"allow":["GET"]}}],"collection":[{"href":"https:\/\/www.festivaldecircodobrasil.com.br\/2025bra\/wp-json\/wp\/v2\/posts"}],"about":[{"href":"https:\/\/www.festivaldecircodobrasil.com.br\/2025bra\/wp-json\/wp\/v2\/types\/post"}],"author":[{"embeddable":true,"href":"https:\/\/www.festivaldecircodobrasil.com.br\/2025bra\/wp-json\/wp\/v2\/users\/3"}],"replies":[{"embeddable":true,"href":"https:\/\/www.festivaldecircodobrasil.com.br\/2025bra\/wp-json\/wp\/v2\/comments?post=17674"}],"version-history":[{"count":7,"href":"https:\/\/www.festivaldecircodobrasil.com.br\/2025bra\/wp-json\/wp\/v2\/posts\/17674\/revisions"}],"predecessor-version":[{"id":17846,"href":"https:\/\/www.festivaldecircodobrasil.com.br\/2025bra\/wp-json\/wp\/v2\/posts\/17674\/revisions\/17846"}],"wp:featuredmedia":[{"embeddable":true,"href":"https:\/\/www.festivaldecircodobrasil.com.br\/2025bra\/wp-json\/wp\/v2\/media\/17676"}],"wp:attachment":[{"href":"https:\/\/www.festivaldecircodobrasil.com.br\/2025bra\/wp-json\/wp\/v2\/media?parent=17674"}],"wp:term":[{"taxonomy":"category","embeddable":true,"href":"https:\/\/www.festivaldecircodobrasil.com.br\/2025bra\/wp-json\/wp\/v2\/categories?post=17674"},{"taxonomy":"post_tag","embeddable":true,"href":"https:\/\/www.festivaldecircodobrasil.com.br\/2025bra\/wp-json\/wp\/v2\/tags?post=17674"}],"curies":[{"name":"wp","href":"https:\/\/api.w.org\/{rel}","templated":true}]}}