{"id":17701,"date":"2025-10-14T17:19:07","date_gmt":"2025-10-14T20:19:07","guid":{"rendered":"https:\/\/www.festivaldecircodobrasil.com.br\/2025bra\/?p=17701"},"modified":"2025-10-22T23:03:57","modified_gmt":"2025-10-23T02:03:57","slug":"filme-kopenawasonhar-a-terra-floresta","status":"publish","type":"post","link":"https:\/\/www.festivaldecircodobrasil.com.br\/2025bra\/filme-kopenawasonhar-a-terra-floresta\/","title":{"rendered":"FILME | KOPENAWA:SONHAR A TERRA FLORESTA"},"content":{"rendered":"<p><em>Dire\u00e7\u00e3o: Marco Alteberg e Tain\u00e1 de Lucas | Indiana Produ\u00e7\u00f5es . BR[RJ]<\/em><b><br \/>\n<\/b><span style=\"font-weight: 400;\"><strong><em>4\/11 | Cinema da Funda\u00e7\u00e3o &#8211; Sala Derby<\/em><\/strong><br \/>\nClassifica\u00e7\u00e3o: Livre<br \/>\n*Sess\u00e3o gratuita<\/span><\/p>\n<p><span style=\"font-weight: 400;\"><img loading=\"lazy\" decoding=\"async\" class=\"img-responsive wp-image-17702 size-full aligncenter\" src=\"https:\/\/www.festivaldecircodobrasil.com.br\/2025bra\/wp-content\/uploads\/2025\/10\/Design-sem-nome-10.png\" alt=\"\" width=\"1200\" height=\"770\" srcset=\"https:\/\/www.festivaldecircodobrasil.com.br\/2025bra\/wp-content\/uploads\/2025\/10\/Design-sem-nome-10.png 1200w, https:\/\/www.festivaldecircodobrasil.com.br\/2025bra\/wp-content\/uploads\/2025\/10\/Design-sem-nome-10-300x193.png 300w, https:\/\/www.festivaldecircodobrasil.com.br\/2025bra\/wp-content\/uploads\/2025\/10\/Design-sem-nome-10-1024x657.png 1024w, https:\/\/www.festivaldecircodobrasil.com.br\/2025bra\/wp-content\/uploads\/2025\/10\/Design-sem-nome-10-768x493.png 768w\" sizes=\"auto, (max-width: 1200px) 100vw, 1200px\" \/><\/span><span style=\"font-weight: 400;\"><br \/>\n<\/span><\/p>\n<p><span style=\"font-weight: 400;\">O document\u00e1rio d\u00e1 voz a Davi Kopenawa Yanomami, l\u00edder ind\u00edgena e defensor da Amaz\u00f4nia, trazendo seu olhar po\u00e9tico e profundo sobre os desafios enfrentados pelo povo Yanomami. Com participa\u00e7\u00f5es de personalidades como Ailton Krenak, Claudia Andujar, Jos\u00e9 Celso Martinez e Gilberto Gil, entre outros, o filme explora o pensamento de Kopenawa sobre os impactos das invas\u00f5es em territ\u00f3rios ind\u00edgenas, a crise clim\u00e1tica e o futuro da humanidade. Xam\u00e3 e ativista global, Davi reflete sobre a urg\u00eancia de proteger a vida e a sabedoria ancestral da floresta.<\/span><\/p>\n<p>Dura\u00e7\u00e3o: 82 minutos<\/p>\n<p><em><strong>Exibi\u00e7\u00e3o de filme em parceria com o Janela Internacional de Cinema do Recife.<\/strong><\/em><\/p>\n<p><img loading=\"lazy\" decoding=\"async\" class=\"img-responsive alignnone wp-image-17792 size-full\" src=\"https:\/\/www.festivaldecircodobrasil.com.br\/2025bra\/wp-content\/uploads\/2025\/10\/67d3109a12937211e9b5b03a_kopenawa04-1.jpg\" alt=\"\" width=\"1920\" height=\"1065\" srcset=\"https:\/\/www.festivaldecircodobrasil.com.br\/2025bra\/wp-content\/uploads\/2025\/10\/67d3109a12937211e9b5b03a_kopenawa04-1.jpg 1920w, https:\/\/www.festivaldecircodobrasil.com.br\/2025bra\/wp-content\/uploads\/2025\/10\/67d3109a12937211e9b5b03a_kopenawa04-1-300x166.jpg 300w, https:\/\/www.festivaldecircodobrasil.com.br\/2025bra\/wp-content\/uploads\/2025\/10\/67d3109a12937211e9b5b03a_kopenawa04-1-1024x568.jpg 1024w, https:\/\/www.festivaldecircodobrasil.com.br\/2025bra\/wp-content\/uploads\/2025\/10\/67d3109a12937211e9b5b03a_kopenawa04-1-768x426.jpg 768w, https:\/\/www.festivaldecircodobrasil.com.br\/2025bra\/wp-content\/uploads\/2025\/10\/67d3109a12937211e9b5b03a_kopenawa04-1-1536x852.jpg 1536w\" sizes=\"auto, (max-width: 1920px) 100vw, 1920px\" \/><\/p>\n<p>&nbsp;<\/p>\n\r\n    <div class=\"lgpd-accordion-group\" id=\"lgpdAccordion6a9510c4244ab\">\r\n      <div class=\"lgpd-panel lgpd-panel-default\">\r\n        <div class=\"lgpd-panel-heading\">\r\n          <h4 class=\"lgpd-panel-title\">\r\n            <a data-toggle=\"collapse\" data-parent=\"#lgpdAccordion6a9510c4244ab\" href=\"#lgpdCollapselgpdAccordion6a9510c4244ab\" onclick=\"toggleAccordionIcon(this);\">\r\n              Ficha T\u00e9cnica <i class=\"fa lgpd-toggle-icon fa-chevron-down\" aria-hidden=\"true\"><\/i>\r\n            <\/a>\r\n          <\/h4>\r\n        <\/div>\r\n        <div id=\"lgpdCollapselgpdAccordion6a9510c4244ab\" class=\"lgpd-panel-collapse collapse\">\r\n          <div class=\"lgpd-panel-body\">\r\n            <\/p>\n<p><\/p>\n<p><strong>Dire\u00e7\u00e3o:<\/strong> Marco Altberg e Tain\u00e1 de Luccas<br \/>\n<strong>Roteiro:<\/strong> Marco Altberg e Tain\u00e1 de Luccas<br \/>\n<strong>Empresa Produtora:<\/strong> Indiana Produ\u00e7\u00f5es<br \/>\n<strong>Produ\u00e7\u00e3o:<\/strong> Marco Altberg<br \/>\n<strong>Empresa Coprodutora:<\/strong> Ag\u00eancia Sapiens, Canal Futura e Canal Brasil<br \/>\n<strong>Fotografia:<\/strong> Morzaniel Iramari Yanomami, Tain\u00e1 de Luccas, Marco Altberg e Fernando Cunha<br \/>\n<strong>Montagem:<\/strong> Maria Altberg<br \/>\n<strong>Elenco:<\/strong> Ailton Krenak, Davi Kopenawa, Gilberto Gil, Claudia Andujar e Jos\u00e9 Celso Martinez<b>\u00a0<\/b><\/p>\n<p>\r\n          <\/div>\r\n        <\/div>\r\n      <\/div>\r\n    <\/div>\n<p><span style=\"font-weight: 400;\">\u00a0<\/span><\/p>\n","protected":false},"excerpt":{"rendered":"<p>Dire\u00e7\u00e3o: Marco Alteberg e Tain\u00e1 de Lucas | Indiana Produ\u00e7\u00f5es . BR[RJ] 4\/11 | Cinema da Funda\u00e7\u00e3o &#8211; Sala Derby Classifica\u00e7\u00e3o: Livre *Sess\u00e3o gratuita O document\u00e1rio d\u00e1 voz a Davi Kopenawa Yanomami, l\u00edder ind\u00edgena e defensor da Amaz\u00f4nia, trazendo seu olhar po\u00e9tico e profundo sobre os desafios enfrentados pelo povo <a class=\"leiamais\" href=\"https:\/\/www.festivaldecircodobrasil.com.br\/2025bra\/filme-kopenawasonhar-a-terra-floresta\/\">LER NOT\u00cdCIA<\/a><\/p>\n","protected":false},"author":3,"featured_media":17702,"comment_status":"open","ping_status":"open","sticky":false,"template":"","format":"standard","meta":{"_acf_changed":false,"footnotes":""},"categories":[14,16],"tags":[],"class_list":["post-17701","post","type-post","status-publish","format-standard","has-post-thumbnail","hentry","category-brasil","category-mais-brasil","active"],"acf":[],"_links":{"self":[{"href":"https:\/\/www.festivaldecircodobrasil.com.br\/2025bra\/wp-json\/wp\/v2\/posts\/17701","targetHints":{"allow":["GET"]}}],"collection":[{"href":"https:\/\/www.festivaldecircodobrasil.com.br\/2025bra\/wp-json\/wp\/v2\/posts"}],"about":[{"href":"https:\/\/www.festivaldecircodobrasil.com.br\/2025bra\/wp-json\/wp\/v2\/types\/post"}],"author":[{"embeddable":true,"href":"https:\/\/www.festivaldecircodobrasil.com.br\/2025bra\/wp-json\/wp\/v2\/users\/3"}],"replies":[{"embeddable":true,"href":"https:\/\/www.festivaldecircodobrasil.com.br\/2025bra\/wp-json\/wp\/v2\/comments?post=17701"}],"version-history":[{"count":9,"href":"https:\/\/www.festivaldecircodobrasil.com.br\/2025bra\/wp-json\/wp\/v2\/posts\/17701\/revisions"}],"predecessor-version":[{"id":17843,"href":"https:\/\/www.festivaldecircodobrasil.com.br\/2025bra\/wp-json\/wp\/v2\/posts\/17701\/revisions\/17843"}],"wp:featuredmedia":[{"embeddable":true,"href":"https:\/\/www.festivaldecircodobrasil.com.br\/2025bra\/wp-json\/wp\/v2\/media\/17702"}],"wp:attachment":[{"href":"https:\/\/www.festivaldecircodobrasil.com.br\/2025bra\/wp-json\/wp\/v2\/media?parent=17701"}],"wp:term":[{"taxonomy":"category","embeddable":true,"href":"https:\/\/www.festivaldecircodobrasil.com.br\/2025bra\/wp-json\/wp\/v2\/categories?post=17701"},{"taxonomy":"post_tag","embeddable":true,"href":"https:\/\/www.festivaldecircodobrasil.com.br\/2025bra\/wp-json\/wp\/v2\/tags?post=17701"}],"curies":[{"name":"wp","href":"https:\/\/api.w.org\/{rel}","templated":true}]}}