{"id":17724,"date":"2025-10-15T17:06:18","date_gmt":"2025-10-15T20:06:18","guid":{"rendered":"https:\/\/www.festivaldecircodobrasil.com.br\/2025bra\/?p=17724"},"modified":"2025-10-22T23:07:27","modified_gmt":"2025-10-23T02:07:27","slug":"constelar-laboratorio-de-criacao-em-circo-artes-visuaus-e-teatro","status":"publish","type":"post","link":"https:\/\/www.festivaldecircodobrasil.com.br\/2025bra\/constelar-laboratorio-de-criacao-em-circo-artes-visuaus-e-teatro\/","title":{"rendered":"CONSTELAR: LABORAT\u00d3RIO DE CRIA\u00c7\u00c3O EM CIRCO, ARTES VISUAIS E TEATRO"},"content":{"rendered":"<p><strong><i>Domitille Martin, Nina Harper e Ricardo Cabral &#8211; Collectif Maison Courbe . FR<\/i><\/strong><\/p>\n<p><img loading=\"lazy\" decoding=\"async\" class=\"img-responsive wp-image-17725 size-full aligncenter\" src=\"https:\/\/www.festivaldecircodobrasil.com.br\/2025bra\/wp-content\/uploads\/2025\/10\/Le-Bruit-des-Pierres-Lydie-Roure-03.jpg\" alt=\"\" width=\"2048\" height=\"1365\" srcset=\"https:\/\/www.festivaldecircodobrasil.com.br\/2025bra\/wp-content\/uploads\/2025\/10\/Le-Bruit-des-Pierres-Lydie-Roure-03.jpg 2048w, https:\/\/www.festivaldecircodobrasil.com.br\/2025bra\/wp-content\/uploads\/2025\/10\/Le-Bruit-des-Pierres-Lydie-Roure-03-300x200.jpg 300w, https:\/\/www.festivaldecircodobrasil.com.br\/2025bra\/wp-content\/uploads\/2025\/10\/Le-Bruit-des-Pierres-Lydie-Roure-03-1024x683.jpg 1024w, https:\/\/www.festivaldecircodobrasil.com.br\/2025bra\/wp-content\/uploads\/2025\/10\/Le-Bruit-des-Pierres-Lydie-Roure-03-768x512.jpg 768w, https:\/\/www.festivaldecircodobrasil.com.br\/2025bra\/wp-content\/uploads\/2025\/10\/Le-Bruit-des-Pierres-Lydie-Roure-03-1536x1024.jpg 1536w\" sizes=\"auto, (max-width: 2048px) 100vw, 2048px\" \/><\/p>\n<p>Voltado a artistas de todas as \u00e1reas, o laborat\u00f3rio prop\u00f5e um mergulho coletivo nas ferramentas e nos processos de cria\u00e7\u00e3o do espet\u00e1culo franco-brasileiro <em data-start=\"155\" data-end=\"177\">Le Bruit des Pierres<\/em>, do coletivo franc\u00eas Maison Courbe. Conduzido em portugu\u00eas pela equipe de cria\u00e7\u00e3o da obra, o encontro investiga a rela\u00e7\u00e3o entre a sociedade ocidental e as diversas formas de exist\u00eancia com as quais compartilhamos a vida na Terra.<\/p>\n<p data-start=\"411\" data-end=\"662\">Inspirado pelas palavras do xam\u00e3 yanomami Davi Kopenawa \u2014 \u201co c\u00e9u est\u00e1 caindo\u201d \u2014 o laborat\u00f3rio lan\u00e7a uma provoca\u00e7\u00e3o: como criar espa\u00e7os que fa\u00e7am proliferar a vida e promovam coopera\u00e7\u00e3o e cocria\u00e7\u00e3o entre humanos e mais-que-humanos, artistas e pedras?<\/p>\n<p data-start=\"664\" data-end=\"1002\" data-is-last-node=\"\" data-is-only-node=\"\"><em data-start=\"664\" data-end=\"686\">Le Bruit des Pierres<\/em> \u00e9 uma cria\u00e7\u00e3o h\u00edbrida que entrela\u00e7a circo coreogr\u00e1fico, artes visuais e teatro f\u00edsico. Em sintonia com essa abordagem, o trabalho desenvolvido no laborat\u00f3rio atravessa diferentes linguagens \u2014 da suspens\u00e3o a\u00e9rea \u00e0s formas esculturais, da performance \u00e0 dramaturgia \u2014 em busca de novas po\u00e9ticas para o corpo e o mundo.<\/p>\n<p><span style=\"font-weight: 400;\"><strong>Local:<\/strong> Teatro Hermilo Borba Filho<br \/>\n<\/span><span style=\"font-weight: 400;\"><strong>Per\u00edodo:<\/strong> 6\/11 | 9h \u00e0s 12h e 14h \u00e0s 17h<br \/>\n<strong>Inscri\u00e7\u00f5es:<\/strong> <a href=\"https:\/\/forms.gle\/bM6ZTY7nTAyrcrJU6\" target=\"_blank\" rel=\"noopener\">Constelar: Laborat\u00f3rio de Cria\u00e7\u00e3o em Circo, Artes Visuais e Teatro<\/a> <\/span>at\u00e9 o dia 28\/10.<\/p>\n<p><strong>Facilitadores:<\/strong><\/p>\n<p data-start=\"22\" data-end=\"418\"><strong data-start=\"22\" data-end=\"37\">Nina Harper<\/strong> \u00e9 dan\u00e7arina, artista circense e diretora brasileira radicada na Fran\u00e7a desde 2013. Formada pela Acad\u00e9mie Fratellini, possui dupla gradua\u00e7\u00e3o em Artes Circenses e Artes C\u00eanicas pela Universidade Paris 8. Cofundadora do <em data-start=\"255\" data-end=\"280\">Collectif Maison Courbe<\/em>, j\u00e1 colaborou com artistas e companhias como Cie Libertivore, Laurent Goldring, Anna Rodriguez e Cie Les Transformateurs, entre outros.<\/p>\n<p data-start=\"420\" data-end=\"870\"><strong data-start=\"420\" data-end=\"440\">Domitille Martin<\/strong> \u00e9 artista visual e desenvolve trabalhos em m\u00faltiplos materiais, criando instala\u00e7\u00f5es para galerias, teatros e espa\u00e7os n\u00e3o convencionais. Formada pela \u00c9cole Nationale Sup\u00e9rieure des Arts D\u00e9coratifs (Paris), realizou interc\u00e2mbio na Escola de Artes Visuais do Parque Lage (Rio de Janeiro). Atua em parceria com artistas da performance, dando corpo a suas cria\u00e7\u00f5es, especialmente no <em data-start=\"819\" data-end=\"844\">Collectif Maison Courbe<\/em>, do qual \u00e9 cofundadora.<\/p>\n<p data-start=\"872\" data-end=\"1280\" data-is-last-node=\"\" data-is-only-node=\"\"><strong data-start=\"872\" data-end=\"890\">Ricardo Cabral<\/strong> \u00e9 artista da cena e da performance, doutor e mestre em Artes da Cena pela UFRJ, onde tamb\u00e9m leciona no curso de Dire\u00e7\u00e3o Teatral. Sua trajet\u00f3ria abrange espet\u00e1culos, filmes, oficinas e performances que conectam artistas, catadoras de recicl\u00e1veis, bi\u00f3loges, pescadores, escolas, rios, pedras e res\u00edduos \u2014 tecendo encontros entre arte, ecologia e comunidade. \u00c9 cofundador do <em data-start=\"1263\" data-end=\"1279\">Teatro Caminho<\/em>.<\/p>\n<p><i><span style=\"font-weight: 400;\">\u00a0<\/span><\/i><\/p>\n","protected":false},"excerpt":{"rendered":"<p>Domitille Martin, Nina Harper e Ricardo Cabral &#8211; Collectif Maison Courbe . FR Voltado a artistas de todas as \u00e1reas, o laborat\u00f3rio prop\u00f5e um mergulho coletivo nas ferramentas e nos processos de cria\u00e7\u00e3o do espet\u00e1culo franco-brasileiro Le Bruit des Pierres, do coletivo franc\u00eas Maison Courbe. Conduzido em portugu\u00eas pela equipe <a class=\"leiamais\" href=\"https:\/\/www.festivaldecircodobrasil.com.br\/2025bra\/constelar-laboratorio-de-criacao-em-circo-artes-visuaus-e-teatro\/\">LER NOT\u00cdCIA<\/a><\/p>\n","protected":false},"author":3,"featured_media":17728,"comment_status":"open","ping_status":"open","sticky":false,"template":"","format":"standard","meta":{"_acf_changed":false,"footnotes":""},"categories":[19,14],"tags":[],"class_list":["post-17724","post","type-post","status-publish","format-standard","has-post-thumbnail","hentry","category-brasil-oficinas","category-brasil","active"],"acf":[],"_links":{"self":[{"href":"https:\/\/www.festivaldecircodobrasil.com.br\/2025bra\/wp-json\/wp\/v2\/posts\/17724","targetHints":{"allow":["GET"]}}],"collection":[{"href":"https:\/\/www.festivaldecircodobrasil.com.br\/2025bra\/wp-json\/wp\/v2\/posts"}],"about":[{"href":"https:\/\/www.festivaldecircodobrasil.com.br\/2025bra\/wp-json\/wp\/v2\/types\/post"}],"author":[{"embeddable":true,"href":"https:\/\/www.festivaldecircodobrasil.com.br\/2025bra\/wp-json\/wp\/v2\/users\/3"}],"replies":[{"embeddable":true,"href":"https:\/\/www.festivaldecircodobrasil.com.br\/2025bra\/wp-json\/wp\/v2\/comments?post=17724"}],"version-history":[{"count":10,"href":"https:\/\/www.festivaldecircodobrasil.com.br\/2025bra\/wp-json\/wp\/v2\/posts\/17724\/revisions"}],"predecessor-version":[{"id":17850,"href":"https:\/\/www.festivaldecircodobrasil.com.br\/2025bra\/wp-json\/wp\/v2\/posts\/17724\/revisions\/17850"}],"wp:featuredmedia":[{"embeddable":true,"href":"https:\/\/www.festivaldecircodobrasil.com.br\/2025bra\/wp-json\/wp\/v2\/media\/17728"}],"wp:attachment":[{"href":"https:\/\/www.festivaldecircodobrasil.com.br\/2025bra\/wp-json\/wp\/v2\/media?parent=17724"}],"wp:term":[{"taxonomy":"category","embeddable":true,"href":"https:\/\/www.festivaldecircodobrasil.com.br\/2025bra\/wp-json\/wp\/v2\/categories?post=17724"},{"taxonomy":"post_tag","embeddable":true,"href":"https:\/\/www.festivaldecircodobrasil.com.br\/2025bra\/wp-json\/wp\/v2\/tags?post=17724"}],"curies":[{"name":"wp","href":"https:\/\/api.w.org\/{rel}","templated":true}]}}