{"id":17731,"date":"2025-10-15T17:33:58","date_gmt":"2025-10-15T20:33:58","guid":{"rendered":"https:\/\/www.festivaldecircodobrasil.com.br\/2025bra\/?p=17731"},"modified":"2025-10-22T23:06:52","modified_gmt":"2025-10-23T02:06:52","slug":"workshop-aereo-dinamico","status":"publish","type":"post","link":"https:\/\/www.festivaldecircodobrasil.com.br\/2025bra\/workshop-aereo-dinamico\/","title":{"rendered":"WORKSHOP A\u00c9REO DIN\u00c2MICO"},"content":{"rendered":"<p><strong><i>Felipe Nicknig &#8211; Cia Catavento . BR[GO]<\/i><\/strong><\/p>\n<p><img loading=\"lazy\" decoding=\"async\" class=\"img-responsive wp-image-17734 size-full aligncenter\" src=\"https:\/\/www.festivaldecircodobrasil.com.br\/2025bra\/wp-content\/uploads\/2025\/10\/54151667156_eb093258f3_k.jpg\" alt=\"\" width=\"2048\" height=\"1365\" srcset=\"https:\/\/www.festivaldecircodobrasil.com.br\/2025bra\/wp-content\/uploads\/2025\/10\/54151667156_eb093258f3_k.jpg 2048w, https:\/\/www.festivaldecircodobrasil.com.br\/2025bra\/wp-content\/uploads\/2025\/10\/54151667156_eb093258f3_k-300x200.jpg 300w, https:\/\/www.festivaldecircodobrasil.com.br\/2025bra\/wp-content\/uploads\/2025\/10\/54151667156_eb093258f3_k-1024x683.jpg 1024w, https:\/\/www.festivaldecircodobrasil.com.br\/2025bra\/wp-content\/uploads\/2025\/10\/54151667156_eb093258f3_k-768x512.jpg 768w, https:\/\/www.festivaldecircodobrasil.com.br\/2025bra\/wp-content\/uploads\/2025\/10\/54151667156_eb093258f3_k-1536x1024.jpg 1536w\" sizes=\"auto, (max-width: 2048px) 100vw, 2048px\" \/><\/p>\n<p>A proposta do workshop \u00e9 oferecer uma base s\u00f3lida para quem deseja iniciar ou aprimorar sua pr\u00e1tica em acrobacias a\u00e9reas. O foco est\u00e1 na compreens\u00e3o e no dom\u00ednio do <em data-start=\"165\" data-end=\"175\">fouetter<\/em> \u2014 movimento fundamental para o trabalho din\u00e2mico no ar \u2014 a partir de tr\u00eas eixos essenciais: postura e linha corporal, dire\u00e7\u00e3o do movimento e pot\u00eancia\/acento do gesto.<\/p>\n<p data-start=\"358\" data-end=\"599\" data-is-last-node=\"\" data-is-only-node=\"\">Esses elementos ser\u00e3o explorados de forma gradual e segura ao longo do processo, respeitando os limites e singularidades de cada corpo. Os aparelhos utilizados durante o workshop ser\u00e3o tecido acrob\u00e1tico, corda lisa, trap\u00e9zio fixo e lira.<\/p>\n<p><span style=\"font-weight: 400;\"><strong>Local:<\/strong> Espa\u00e7o Cultural Entrela\u00e7os<\/span><span style=\"font-weight: 400;\"><br \/>\n<\/span><span style=\"font-weight: 400;\"><strong>Per\u00edodo:<\/strong> 3, 4 e 5\/11 | 9h \u00e0s 12h30<br \/>\n<\/span><strong>Inscri\u00e7\u00f5es:<\/strong> <a href=\"https:\/\/forms.gle\/C9SCnEyceE8E2EXRA\" target=\"_blank\" rel=\"noopener\">Workshop A\u00e9reo Din\u00e2mico<\/a> at\u00e9 o dia 28\/10.<\/p>\n<p>Facilitador:<\/p>\n<p><img loading=\"lazy\" decoding=\"async\" class=\"img-responsive alignleft wp-image-17732 size-medium\" src=\"https:\/\/www.festivaldecircodobrasil.com.br\/2025bra\/wp-content\/uploads\/2025\/10\/IMG_5226-300x300.jpg\" alt=\"\" width=\"300\" height=\"300\" srcset=\"https:\/\/www.festivaldecircodobrasil.com.br\/2025bra\/wp-content\/uploads\/2025\/10\/IMG_5226-300x300.jpg 300w, https:\/\/www.festivaldecircodobrasil.com.br\/2025bra\/wp-content\/uploads\/2025\/10\/IMG_5226-150x150.jpg 150w, https:\/\/www.festivaldecircodobrasil.com.br\/2025bra\/wp-content\/uploads\/2025\/10\/IMG_5226.jpg 640w\" sizes=\"auto, (max-width: 300px) 100vw, 300px\" \/><strong>Felipe Nicknig: <\/strong>Artista circense autodidata, professor e diretor art\u00edstico, licenciado em Educa\u00e7\u00e3o F\u00edsica pela Universidade Federal de Goi\u00e1s (UFG). Em 2017, realizou uma resid\u00eancia intensiva de 520 horas no Circo Vertiko (It\u00e1lia), onde aprofundou sua pesquisa em t\u00e9cnicas de a\u00e9reos e circo contempor\u00e2neo.<\/p>\n<p data-start=\"321\" data-end=\"655\" data-is-last-node=\"\" data-is-only-node=\"\">Fundador da Catavento Companhia Circense e idealizador do N\u00facleo de Forma\u00e7\u00e3o Ampliada para o Artista de Circo (NUFAAC), \u00e9 reconhecido como uma das principais refer\u00eancias brasileiras na t\u00e9cnica din\u00e2mica. Ao longo de sua trajet\u00f3ria, j\u00e1 ministrou dezenas de edi\u00e7\u00f5es do workshop em diversas regi\u00f5es do Brasil e tamb\u00e9m no exterior.<\/p>\n","protected":false},"excerpt":{"rendered":"<p>Felipe Nicknig &#8211; Cia Catavento . BR[GO] A proposta do workshop \u00e9 oferecer uma base s\u00f3lida para quem deseja iniciar ou aprimorar sua pr\u00e1tica em acrobacias a\u00e9reas. O foco est\u00e1 na compreens\u00e3o e no dom\u00ednio do fouetter \u2014 movimento fundamental para o trabalho din\u00e2mico no ar \u2014 a partir de <a class=\"leiamais\" href=\"https:\/\/www.festivaldecircodobrasil.com.br\/2025bra\/workshop-aereo-dinamico\/\">LER NOT\u00cdCIA<\/a><\/p>\n","protected":false},"author":3,"featured_media":17733,"comment_status":"open","ping_status":"open","sticky":false,"template":"","format":"standard","meta":{"_acf_changed":false,"footnotes":""},"categories":[14,19],"tags":[],"class_list":["post-17731","post","type-post","status-publish","format-standard","has-post-thumbnail","hentry","category-brasil","category-brasil-oficinas","active"],"acf":[],"_links":{"self":[{"href":"https:\/\/www.festivaldecircodobrasil.com.br\/2025bra\/wp-json\/wp\/v2\/posts\/17731","targetHints":{"allow":["GET"]}}],"collection":[{"href":"https:\/\/www.festivaldecircodobrasil.com.br\/2025bra\/wp-json\/wp\/v2\/posts"}],"about":[{"href":"https:\/\/www.festivaldecircodobrasil.com.br\/2025bra\/wp-json\/wp\/v2\/types\/post"}],"author":[{"embeddable":true,"href":"https:\/\/www.festivaldecircodobrasil.com.br\/2025bra\/wp-json\/wp\/v2\/users\/3"}],"replies":[{"embeddable":true,"href":"https:\/\/www.festivaldecircodobrasil.com.br\/2025bra\/wp-json\/wp\/v2\/comments?post=17731"}],"version-history":[{"count":7,"href":"https:\/\/www.festivaldecircodobrasil.com.br\/2025bra\/wp-json\/wp\/v2\/posts\/17731\/revisions"}],"predecessor-version":[{"id":17849,"href":"https:\/\/www.festivaldecircodobrasil.com.br\/2025bra\/wp-json\/wp\/v2\/posts\/17731\/revisions\/17849"}],"wp:featuredmedia":[{"embeddable":true,"href":"https:\/\/www.festivaldecircodobrasil.com.br\/2025bra\/wp-json\/wp\/v2\/media\/17733"}],"wp:attachment":[{"href":"https:\/\/www.festivaldecircodobrasil.com.br\/2025bra\/wp-json\/wp\/v2\/media?parent=17731"}],"wp:term":[{"taxonomy":"category","embeddable":true,"href":"https:\/\/www.festivaldecircodobrasil.com.br\/2025bra\/wp-json\/wp\/v2\/categories?post=17731"},{"taxonomy":"post_tag","embeddable":true,"href":"https:\/\/www.festivaldecircodobrasil.com.br\/2025bra\/wp-json\/wp\/v2\/tags?post=17731"}],"curies":[{"name":"wp","href":"https:\/\/api.w.org\/{rel}","templated":true}]}}