{"id":17754,"date":"2025-10-17T10:54:16","date_gmt":"2025-10-17T13:54:16","guid":{"rendered":"https:\/\/www.festivaldecircodobrasil.com.br\/2025bra\/?p=17754"},"modified":"2025-10-22T23:03:06","modified_gmt":"2025-10-23T02:03:06","slug":"forro-na-caixa","status":"publish","type":"post","link":"https:\/\/www.festivaldecircodobrasil.com.br\/2025bra\/forro-na-caixa\/","title":{"rendered":"FORR\u00d3 NA CAIXA"},"content":{"rendered":"<p><span style=\"font-weight: 400;\"><strong>Forr\u00f3 na Caixa . BR[PE]<\/strong><br \/>\n<em>1\u00ba\/11 \u2013 18h30 | Parque Santana (Casa Forte)<\/em><br \/>\n<\/span>Classifica\u00e7\u00e3o: Livre<br \/>\n*Programa\u00e7\u00e3o gratuita<\/p>\n<p>&nbsp;<\/p>\n<p><img loading=\"lazy\" decoding=\"async\" class=\"img-responsive alignnone wp-image-17755 size-full\" src=\"https:\/\/www.festivaldecircodobrasil.com.br\/2025bra\/wp-content\/uploads\/2025\/10\/Design-sem-nome-15.png\" alt=\"\" width=\"1200\" height=\"770\" srcset=\"https:\/\/www.festivaldecircodobrasil.com.br\/2025bra\/wp-content\/uploads\/2025\/10\/Design-sem-nome-15.png 1200w, https:\/\/www.festivaldecircodobrasil.com.br\/2025bra\/wp-content\/uploads\/2025\/10\/Design-sem-nome-15-300x193.png 300w, https:\/\/www.festivaldecircodobrasil.com.br\/2025bra\/wp-content\/uploads\/2025\/10\/Design-sem-nome-15-1024x657.png 1024w, https:\/\/www.festivaldecircodobrasil.com.br\/2025bra\/wp-content\/uploads\/2025\/10\/Design-sem-nome-15-768x493.png 768w\" sizes=\"auto, (max-width: 1200px) 100vw, 1200px\" \/><\/p>\n<p>Formado em 2012, o grupo atualiza os tradicionais Bailes de Rabeca de Pernambuco, mesclando forr\u00f3 p\u00e9-de-serra, coco, bai\u00e3o, samba e influ\u00eancias do Mangue Beat. Com trajet\u00f3ria consolidada e turn\u00eas no Brasil e no exterior, une tradi\u00e7\u00e3o e inova\u00e7\u00e3o em apresenta\u00e7\u00f5es vibrantes. Integram o grupo Martins (voz e rabeca), Ju Valen\u00e7a (zabumba), Rodrigo Samico (baixo), Rodrigo Felix (percuss\u00f5es), Rafael Marques (cavaquinho) e Arnaldo Abulidu (percuss\u00e3o).<span style=\"font-weight: 400;\"><br \/>\n<\/span><\/p>\n","protected":false},"excerpt":{"rendered":"<p>Forr\u00f3 na Caixa . BR[PE] 1\u00ba\/11 \u2013 18h30 | Parque Santana (Casa Forte) Classifica\u00e7\u00e3o: Livre *Programa\u00e7\u00e3o gratuita &nbsp; Formado em 2012, o grupo atualiza os tradicionais Bailes de Rabeca de Pernambuco, mesclando forr\u00f3 p\u00e9-de-serra, coco, bai\u00e3o, samba e influ\u00eancias do Mangue Beat. Com trajet\u00f3ria consolidada e turn\u00eas no Brasil e <a class=\"leiamais\" href=\"https:\/\/www.festivaldecircodobrasil.com.br\/2025bra\/forro-na-caixa\/\">LER NOT\u00cdCIA<\/a><\/p>\n","protected":false},"author":3,"featured_media":17755,"comment_status":"open","ping_status":"open","sticky":false,"template":"","format":"standard","meta":{"_acf_changed":false,"footnotes":""},"categories":[14,16,1],"tags":[],"class_list":["post-17754","post","type-post","status-publish","format-standard","has-post-thumbnail","hentry","category-brasil","category-mais-brasil","category-sem-categoria","active"],"acf":[],"_links":{"self":[{"href":"https:\/\/www.festivaldecircodobrasil.com.br\/2025bra\/wp-json\/wp\/v2\/posts\/17754","targetHints":{"allow":["GET"]}}],"collection":[{"href":"https:\/\/www.festivaldecircodobrasil.com.br\/2025bra\/wp-json\/wp\/v2\/posts"}],"about":[{"href":"https:\/\/www.festivaldecircodobrasil.com.br\/2025bra\/wp-json\/wp\/v2\/types\/post"}],"author":[{"embeddable":true,"href":"https:\/\/www.festivaldecircodobrasil.com.br\/2025bra\/wp-json\/wp\/v2\/users\/3"}],"replies":[{"embeddable":true,"href":"https:\/\/www.festivaldecircodobrasil.com.br\/2025bra\/wp-json\/wp\/v2\/comments?post=17754"}],"version-history":[{"count":6,"href":"https:\/\/www.festivaldecircodobrasil.com.br\/2025bra\/wp-json\/wp\/v2\/posts\/17754\/revisions"}],"predecessor-version":[{"id":17841,"href":"https:\/\/www.festivaldecircodobrasil.com.br\/2025bra\/wp-json\/wp\/v2\/posts\/17754\/revisions\/17841"}],"wp:featuredmedia":[{"embeddable":true,"href":"https:\/\/www.festivaldecircodobrasil.com.br\/2025bra\/wp-json\/wp\/v2\/media\/17755"}],"wp:attachment":[{"href":"https:\/\/www.festivaldecircodobrasil.com.br\/2025bra\/wp-json\/wp\/v2\/media?parent=17754"}],"wp:term":[{"taxonomy":"category","embeddable":true,"href":"https:\/\/www.festivaldecircodobrasil.com.br\/2025bra\/wp-json\/wp\/v2\/categories?post=17754"},{"taxonomy":"post_tag","embeddable":true,"href":"https:\/\/www.festivaldecircodobrasil.com.br\/2025bra\/wp-json\/wp\/v2\/tags?post=17754"}],"curies":[{"name":"wp","href":"https:\/\/api.w.org\/{rel}","templated":true}]}}