{"id":17759,"date":"2025-10-17T11:10:53","date_gmt":"2025-10-17T14:10:53","guid":{"rendered":"https:\/\/www.festivaldecircodobrasil.com.br\/2025bra\/?p=17759"},"modified":"2025-10-22T23:04:20","modified_gmt":"2025-10-23T02:04:20","slug":"mestre-anderson-miguel","status":"publish","type":"post","link":"https:\/\/www.festivaldecircodobrasil.com.br\/2025bra\/mestre-anderson-miguel\/","title":{"rendered":"MESTRE ANDERSON MIGUEL"},"content":{"rendered":"<p><em>Mestre Anderson Miguel . BR[PE]<\/em><br \/>\n<strong>2\/11 \u2013 18h30 | Parque Santana (Casa Forte)<\/strong><br \/>\nClassifica\u00e7\u00e3o: Livre<br \/>\n*Programa\u00e7\u00e3o gratuita<\/p>\n<p><img loading=\"lazy\" decoding=\"async\" class=\"img-responsive alignnone wp-image-17760 size-full\" src=\"https:\/\/www.festivaldecircodobrasil.com.br\/2025bra\/wp-content\/uploads\/2025\/10\/Design-sem-nome-17.png\" alt=\"\" width=\"1200\" height=\"770\" srcset=\"https:\/\/www.festivaldecircodobrasil.com.br\/2025bra\/wp-content\/uploads\/2025\/10\/Design-sem-nome-17.png 1200w, https:\/\/www.festivaldecircodobrasil.com.br\/2025bra\/wp-content\/uploads\/2025\/10\/Design-sem-nome-17-300x193.png 300w, https:\/\/www.festivaldecircodobrasil.com.br\/2025bra\/wp-content\/uploads\/2025\/10\/Design-sem-nome-17-1024x657.png 1024w, https:\/\/www.festivaldecircodobrasil.com.br\/2025bra\/wp-content\/uploads\/2025\/10\/Design-sem-nome-17-768x493.png 768w\" sizes=\"auto, (max-width: 1200px) 100vw, 1200px\" \/><\/p>\n<p>Nascido em Nazar\u00e9 da Mata, Mestre Anderson Miguel \u00e9 um dos grandes nomes da nova gera\u00e7\u00e3o do maracatu de baque solto e da ciranda em Pernambuco. Aos 29 anos, carrega uma trajet\u00f3ria profundamente enraizada nas tradi\u00e7\u00f5es da Zona da Mata, ber\u00e7o do maracatu rural \u2014 manifesta\u00e7\u00e3o afro-ind\u00edgena ligada aos antigos trabalhadores canavieiros. Desde os oito anos, Anderson trilha o caminho da fam\u00edlia no Maracatu Cambinda Brasileira, um dos mais antigos em atividade no estado, do qual hoje \u00e9 mestre. Tamb\u00e9m lidera o Maracatu \u00c1guia Misteriosa e a Ciranda Raiz da Mata Norte, reafirmando seu papel como guardi\u00e3o e renovador das tradi\u00e7\u00f5es populares pernambucanas.<\/p>\n","protected":false},"excerpt":{"rendered":"<p>Mestre Anderson Miguel . BR[PE] 2\/11 \u2013 18h30 | Parque Santana (Casa Forte) Classifica\u00e7\u00e3o: Livre *Programa\u00e7\u00e3o gratuita Nascido em Nazar\u00e9 da Mata, Mestre Anderson Miguel \u00e9 um dos grandes nomes da nova gera\u00e7\u00e3o do maracatu de baque solto e da ciranda em Pernambuco. Aos 29 anos, carrega uma trajet\u00f3ria profundamente <a class=\"leiamais\" href=\"https:\/\/www.festivaldecircodobrasil.com.br\/2025bra\/mestre-anderson-miguel\/\">LER NOT\u00cdCIA<\/a><\/p>\n","protected":false},"author":3,"featured_media":17760,"comment_status":"open","ping_status":"open","sticky":false,"template":"","format":"standard","meta":{"_acf_changed":false,"footnotes":""},"categories":[14,16],"tags":[],"class_list":["post-17759","post","type-post","status-publish","format-standard","has-post-thumbnail","hentry","category-brasil","category-mais-brasil","active"],"acf":[],"_links":{"self":[{"href":"https:\/\/www.festivaldecircodobrasil.com.br\/2025bra\/wp-json\/wp\/v2\/posts\/17759","targetHints":{"allow":["GET"]}}],"collection":[{"href":"https:\/\/www.festivaldecircodobrasil.com.br\/2025bra\/wp-json\/wp\/v2\/posts"}],"about":[{"href":"https:\/\/www.festivaldecircodobrasil.com.br\/2025bra\/wp-json\/wp\/v2\/types\/post"}],"author":[{"embeddable":true,"href":"https:\/\/www.festivaldecircodobrasil.com.br\/2025bra\/wp-json\/wp\/v2\/users\/3"}],"replies":[{"embeddable":true,"href":"https:\/\/www.festivaldecircodobrasil.com.br\/2025bra\/wp-json\/wp\/v2\/comments?post=17759"}],"version-history":[{"count":5,"href":"https:\/\/www.festivaldecircodobrasil.com.br\/2025bra\/wp-json\/wp\/v2\/posts\/17759\/revisions"}],"predecessor-version":[{"id":17844,"href":"https:\/\/www.festivaldecircodobrasil.com.br\/2025bra\/wp-json\/wp\/v2\/posts\/17759\/revisions\/17844"}],"wp:featuredmedia":[{"embeddable":true,"href":"https:\/\/www.festivaldecircodobrasil.com.br\/2025bra\/wp-json\/wp\/v2\/media\/17760"}],"wp:attachment":[{"href":"https:\/\/www.festivaldecircodobrasil.com.br\/2025bra\/wp-json\/wp\/v2\/media?parent=17759"}],"wp:term":[{"taxonomy":"category","embeddable":true,"href":"https:\/\/www.festivaldecircodobrasil.com.br\/2025bra\/wp-json\/wp\/v2\/categories?post=17759"},{"taxonomy":"post_tag","embeddable":true,"href":"https:\/\/www.festivaldecircodobrasil.com.br\/2025bra\/wp-json\/wp\/v2\/tags?post=17759"}],"curies":[{"name":"wp","href":"https:\/\/api.w.org\/{rel}","templated":true}]}}