{"id":17772,"date":"2025-10-17T16:11:15","date_gmt":"2025-10-17T19:11:15","guid":{"rendered":"https:\/\/www.festivaldecircodobrasil.com.br\/2025bra\/?p=17772"},"modified":"2025-10-22T23:05:03","modified_gmt":"2025-10-23T02:05:03","slug":"feira-na-laje","status":"publish","type":"post","link":"https:\/\/www.festivaldecircodobrasil.com.br\/2025bra\/feira-na-laje\/","title":{"rendered":"FEIRA NA LAJE"},"content":{"rendered":"<p><em>Feira na Laje . BR[PE]<\/em><br \/>\n<strong>1\u00ba\/11\u00a0 e 2\/11 \u2013 A partir das 10h | Parque Santana (Casa Forte)<\/strong><br \/>\nClassifica\u00e7\u00e3o: Livre<br \/>\n*Programa\u00e7\u00e3o gratuita<\/p>\n<p><img loading=\"lazy\" decoding=\"async\" class=\"img-responsive alignnone wp-image-17773 size-full\" src=\"https:\/\/www.festivaldecircodobrasil.com.br\/2025bra\/wp-content\/uploads\/2025\/10\/Design-sem-nome-14.png\" alt=\"\" width=\"1200\" height=\"770\" srcset=\"https:\/\/www.festivaldecircodobrasil.com.br\/2025bra\/wp-content\/uploads\/2025\/10\/Design-sem-nome-14.png 1200w, https:\/\/www.festivaldecircodobrasil.com.br\/2025bra\/wp-content\/uploads\/2025\/10\/Design-sem-nome-14-300x193.png 300w, https:\/\/www.festivaldecircodobrasil.com.br\/2025bra\/wp-content\/uploads\/2025\/10\/Design-sem-nome-14-1024x657.png 1024w, https:\/\/www.festivaldecircodobrasil.com.br\/2025bra\/wp-content\/uploads\/2025\/10\/Design-sem-nome-14-768x493.png 768w\" sizes=\"auto, (max-width: 1200px) 100vw, 1200px\" \/><\/p>\n<p data-start=\"0\" data-end=\"160\">A Feira Na Laje \u00e9 um evento colaborativo que celebra a economia criativa, reunindo marcas autorais, artistas e empreendedores locais em um s\u00f3 lugar.<\/p>\n<p data-start=\"162\" data-end=\"344\">Com uma curadoria atenta e afetuosa, o p\u00fablico encontra moda, acess\u00f3rios, arte, decora\u00e7\u00e3o, gastronomia e experi\u00eancias \u00fanicas \u2014 tudo criado por quem vive e respira criatividade.<\/p>\n<p data-start=\"346\" data-end=\"554\" data-is-last-node=\"\" data-is-only-node=\"\">Mais do que uma feira, \u00e9 um espa\u00e7o de encontro, inspira\u00e7\u00e3o e troca, que valoriza o fazer local e fortalece pequenos produtores, oferecendo uma experi\u00eancia de compra leve, afetiva e cheia de prop\u00f3sito.<\/p>\n","protected":false},"excerpt":{"rendered":"<p>Feira na Laje . BR[PE] 1\u00ba\/11\u00a0 e 2\/11 \u2013 A partir das 10h | Parque Santana (Casa Forte) Classifica\u00e7\u00e3o: Livre *Programa\u00e7\u00e3o gratuita A Feira Na Laje \u00e9 um evento colaborativo que celebra a economia criativa, reunindo marcas autorais, artistas e empreendedores locais em um s\u00f3 lugar. Com uma curadoria atenta <a class=\"leiamais\" href=\"https:\/\/www.festivaldecircodobrasil.com.br\/2025bra\/feira-na-laje\/\">LER NOT\u00cdCIA<\/a><\/p>\n","protected":false},"author":3,"featured_media":17773,"comment_status":"open","ping_status":"open","sticky":false,"template":"","format":"standard","meta":{"_acf_changed":false,"footnotes":""},"categories":[14,16,1],"tags":[],"class_list":["post-17772","post","type-post","status-publish","format-standard","has-post-thumbnail","hentry","category-brasil","category-mais-brasil","category-sem-categoria","active"],"acf":[],"_links":{"self":[{"href":"https:\/\/www.festivaldecircodobrasil.com.br\/2025bra\/wp-json\/wp\/v2\/posts\/17772","targetHints":{"allow":["GET"]}}],"collection":[{"href":"https:\/\/www.festivaldecircodobrasil.com.br\/2025bra\/wp-json\/wp\/v2\/posts"}],"about":[{"href":"https:\/\/www.festivaldecircodobrasil.com.br\/2025bra\/wp-json\/wp\/v2\/types\/post"}],"author":[{"embeddable":true,"href":"https:\/\/www.festivaldecircodobrasil.com.br\/2025bra\/wp-json\/wp\/v2\/users\/3"}],"replies":[{"embeddable":true,"href":"https:\/\/www.festivaldecircodobrasil.com.br\/2025bra\/wp-json\/wp\/v2\/comments?post=17772"}],"version-history":[{"count":7,"href":"https:\/\/www.festivaldecircodobrasil.com.br\/2025bra\/wp-json\/wp\/v2\/posts\/17772\/revisions"}],"predecessor-version":[{"id":17845,"href":"https:\/\/www.festivaldecircodobrasil.com.br\/2025bra\/wp-json\/wp\/v2\/posts\/17772\/revisions\/17845"}],"wp:featuredmedia":[{"embeddable":true,"href":"https:\/\/www.festivaldecircodobrasil.com.br\/2025bra\/wp-json\/wp\/v2\/media\/17773"}],"wp:attachment":[{"href":"https:\/\/www.festivaldecircodobrasil.com.br\/2025bra\/wp-json\/wp\/v2\/media?parent=17772"}],"wp:term":[{"taxonomy":"category","embeddable":true,"href":"https:\/\/www.festivaldecircodobrasil.com.br\/2025bra\/wp-json\/wp\/v2\/categories?post=17772"},{"taxonomy":"post_tag","embeddable":true,"href":"https:\/\/www.festivaldecircodobrasil.com.br\/2025bra\/wp-json\/wp\/v2\/tags?post=17772"}],"curies":[{"name":"wp","href":"https:\/\/api.w.org\/{rel}","templated":true}]}}