{"id":17780,"date":"2025-10-20T11:55:12","date_gmt":"2025-10-20T14:55:12","guid":{"rendered":"https:\/\/www.festivaldecircodobrasil.com.br\/2025bra\/?p=17780"},"modified":"2025-10-22T23:06:24","modified_gmt":"2025-10-23T02:06:24","slug":"malabares-e-movimento","status":"publish","type":"post","link":"https:\/\/www.festivaldecircodobrasil.com.br\/2025bra\/malabares-e-movimento\/","title":{"rendered":"MALABARES E MOVIMENTO"},"content":{"rendered":"<p><strong><em>Nicanor de Elia &#8211; Cie. NDE . FR-AR<\/em><\/strong><\/p>\n<p><img loading=\"lazy\" decoding=\"async\" class=\"img-responsive alignnone wp-image-17784 size-full\" src=\"https:\/\/www.festivaldecircodobrasil.com.br\/2025bra\/wp-content\/uploads\/2025\/10\/Design-sem-nome-15-1.png\" alt=\"\" width=\"1200\" height=\"770\" srcset=\"https:\/\/www.festivaldecircodobrasil.com.br\/2025bra\/wp-content\/uploads\/2025\/10\/Design-sem-nome-15-1.png 1200w, https:\/\/www.festivaldecircodobrasil.com.br\/2025bra\/wp-content\/uploads\/2025\/10\/Design-sem-nome-15-1-300x193.png 300w, https:\/\/www.festivaldecircodobrasil.com.br\/2025bra\/wp-content\/uploads\/2025\/10\/Design-sem-nome-15-1-1024x657.png 1024w, https:\/\/www.festivaldecircodobrasil.com.br\/2025bra\/wp-content\/uploads\/2025\/10\/Design-sem-nome-15-1-768x493.png 768w\" sizes=\"auto, (max-width: 1200px) 100vw, 1200px\" \/><\/p>\n<p>Neste encontro intenso e imersivo, o corpo ocupa o centro da experi\u00eancia \u2014 em di\u00e1logo constante com o espa\u00e7o, os objetos e os outros.<br data-start=\"133\" data-end=\"136\" \/>Entre a dan\u00e7a e o malabarismo, a proposta \u00e9 explorar um territ\u00f3rio h\u00edbrido, onde cada participante possa descobrir seu pr\u00f3prio estilo de movimento, desenvolvendo express\u00f5es individuais e novas formas de rela\u00e7\u00e3o com o grupo.<\/p>\n<p><span style=\"font-weight: 400;\"><strong>Local:<\/strong> Pa\u00e7o do Frevo<\/span><span style=\"font-weight: 400;\"><br \/>\n<\/span><span style=\"font-weight: 400;\"><strong>Per\u00edodo:<\/strong> 05 e 06 de novembro (quarta e quinta-feira), das 9h \u00e0s 12h.<br \/>\n<\/span><strong>Inscri\u00e7\u00f5es:<\/strong> <a href=\"https:\/\/forms.gle\/iaSHEmwZGcQXTcJp7\" target=\"_blank\" rel=\"noopener\">Oficina Malabares e Movimento<\/a> at\u00e9 28\/10.<\/p>\n<p><strong>Facilitador:<br \/>\n<\/strong><\/p>\n<p><strong><img loading=\"lazy\" decoding=\"async\" class=\"img-responsive wp-image-17781 size-medium alignleft\" src=\"https:\/\/www.festivaldecircodobrasil.com.br\/2025bra\/wp-content\/uploads\/2025\/10\/WhatsApp-Image-2025-10-18-at-12.29.46-216x300.jpeg\" alt=\"\" width=\"216\" height=\"300\" srcset=\"https:\/\/www.festivaldecircodobrasil.com.br\/2025bra\/wp-content\/uploads\/2025\/10\/WhatsApp-Image-2025-10-18-at-12.29.46-216x300.jpeg 216w, https:\/\/www.festivaldecircodobrasil.com.br\/2025bra\/wp-content\/uploads\/2025\/10\/WhatsApp-Image-2025-10-18-at-12.29.46.jpeg 688w\" sizes=\"auto, (max-width: 216px) 100vw, 216px\" \/>Nicanor de Elia<\/strong> \u00e9 malabarista, dan\u00e7arino, core\u00f3grafo, professor e diretor. Sua pesquisa art\u00edstica se concentra na cria\u00e7\u00e3o de espa\u00e7os de emo\u00e7\u00e3o e partilha com o p\u00fablico, explorando e questionando as formas teatrais, est\u00e9ticas e espaciais da performance. Sempre em busca de novas possibilidades, ele transita al\u00e9m dos circuitos tradicionais, desenvolvendo uma linguagem h\u00edbrida e inovadora, que projeta o circo contempor\u00e2neo para o futuro.<\/p>\n","protected":false},"excerpt":{"rendered":"<p>Nicanor de Elia &#8211; Cie. NDE . FR-AR Neste encontro intenso e imersivo, o corpo ocupa o centro da experi\u00eancia \u2014 em di\u00e1logo constante com o espa\u00e7o, os objetos e os outros.Entre a dan\u00e7a e o malabarismo, a proposta \u00e9 explorar um territ\u00f3rio h\u00edbrido, onde cada participante possa descobrir seu <a class=\"leiamais\" href=\"https:\/\/www.festivaldecircodobrasil.com.br\/2025bra\/malabares-e-movimento\/\">LER NOT\u00cdCIA<\/a><\/p>\n","protected":false},"author":3,"featured_media":17784,"comment_status":"open","ping_status":"open","sticky":false,"template":"","format":"standard","meta":{"_acf_changed":false,"footnotes":""},"categories":[14,19],"tags":[],"class_list":["post-17780","post","type-post","status-publish","format-standard","has-post-thumbnail","hentry","category-brasil","category-brasil-oficinas","active"],"acf":[],"_links":{"self":[{"href":"https:\/\/www.festivaldecircodobrasil.com.br\/2025bra\/wp-json\/wp\/v2\/posts\/17780","targetHints":{"allow":["GET"]}}],"collection":[{"href":"https:\/\/www.festivaldecircodobrasil.com.br\/2025bra\/wp-json\/wp\/v2\/posts"}],"about":[{"href":"https:\/\/www.festivaldecircodobrasil.com.br\/2025bra\/wp-json\/wp\/v2\/types\/post"}],"author":[{"embeddable":true,"href":"https:\/\/www.festivaldecircodobrasil.com.br\/2025bra\/wp-json\/wp\/v2\/users\/3"}],"replies":[{"embeddable":true,"href":"https:\/\/www.festivaldecircodobrasil.com.br\/2025bra\/wp-json\/wp\/v2\/comments?post=17780"}],"version-history":[{"count":7,"href":"https:\/\/www.festivaldecircodobrasil.com.br\/2025bra\/wp-json\/wp\/v2\/posts\/17780\/revisions"}],"predecessor-version":[{"id":17848,"href":"https:\/\/www.festivaldecircodobrasil.com.br\/2025bra\/wp-json\/wp\/v2\/posts\/17780\/revisions\/17848"}],"wp:featuredmedia":[{"embeddable":true,"href":"https:\/\/www.festivaldecircodobrasil.com.br\/2025bra\/wp-json\/wp\/v2\/media\/17784"}],"wp:attachment":[{"href":"https:\/\/www.festivaldecircodobrasil.com.br\/2025bra\/wp-json\/wp\/v2\/media?parent=17780"}],"wp:term":[{"taxonomy":"category","embeddable":true,"href":"https:\/\/www.festivaldecircodobrasil.com.br\/2025bra\/wp-json\/wp\/v2\/categories?post=17780"},{"taxonomy":"post_tag","embeddable":true,"href":"https:\/\/www.festivaldecircodobrasil.com.br\/2025bra\/wp-json\/wp\/v2\/tags?post=17780"}],"curies":[{"name":"wp","href":"https:\/\/api.w.org\/{rel}","templated":true}]}}