{"id":17821,"date":"2025-10-22T22:53:21","date_gmt":"2025-10-23T01:53:21","guid":{"rendered":"https:\/\/www.festivaldecircodobrasil.com.br\/2025bra\/?p=17821"},"modified":"2025-10-22T23:02:05","modified_gmt":"2025-10-23T02:02:05","slug":"vivencias-circenses","status":"publish","type":"post","link":"https:\/\/www.festivaldecircodobrasil.com.br\/2025bra\/vivencias-circenses\/","title":{"rendered":"VIV\u00caNCIAS CIRCENSES"},"content":{"rendered":"<p><strong>Cia. Bricantes de Circo . BR[PE]<\/strong><br data-prosemirror-content-type=\"node\" data-prosemirror-node-name=\"hardBreak\" data-prosemirror-node-inline=\"true\" \/><em>S\u00e1b. 1\u00ba\/11 e Dom. 2\/11 | Parque Santana (Casa Forte)<\/em><br \/>\nClassifica\u00e7\u00e3o: Livre<br \/>\n*Programa\u00e7\u00e3o gratuita<\/p>\n<p><img loading=\"lazy\" decoding=\"async\" class=\"img-responsive alignnone wp-image-17822 size-full\" src=\"https:\/\/www.festivaldecircodobrasil.com.br\/2025bra\/wp-content\/uploads\/2025\/10\/sitefcb_imagem-destacada_1200x700.png\" alt=\"\" width=\"1200\" height=\"770\" srcset=\"https:\/\/www.festivaldecircodobrasil.com.br\/2025bra\/wp-content\/uploads\/2025\/10\/sitefcb_imagem-destacada_1200x700.png 1200w, https:\/\/www.festivaldecircodobrasil.com.br\/2025bra\/wp-content\/uploads\/2025\/10\/sitefcb_imagem-destacada_1200x700-300x193.png 300w, https:\/\/www.festivaldecircodobrasil.com.br\/2025bra\/wp-content\/uploads\/2025\/10\/sitefcb_imagem-destacada_1200x700-1024x657.png 1024w, https:\/\/www.festivaldecircodobrasil.com.br\/2025bra\/wp-content\/uploads\/2025\/10\/sitefcb_imagem-destacada_1200x700-768x493.png 768w\" sizes=\"auto, (max-width: 1200px) 100vw, 1200px\" \/><\/p>\n<p><i><span style=\"font-weight: 400;\">Experimenta\u00e7\u00e3o de a\u00e9reos como\u00a0 tecido, lira, trap\u00e9zio fixo e equil\u00edbrio no arame, al\u00e9m de acrobacias e malabares.<\/span><\/i><\/p>\n","protected":false},"excerpt":{"rendered":"<p>Cia. Bricantes de Circo . BR[PE]S\u00e1b. 1\u00ba\/11 e Dom. 2\/11 | Parque Santana (Casa Forte) Classifica\u00e7\u00e3o: Livre *Programa\u00e7\u00e3o gratuita Experimenta\u00e7\u00e3o de a\u00e9reos como\u00a0 tecido, lira, trap\u00e9zio fixo e equil\u00edbrio no arame, al\u00e9m de acrobacias e malabares.<\/p>\n","protected":false},"author":3,"featured_media":17822,"comment_status":"open","ping_status":"open","sticky":false,"template":"","format":"standard","meta":{"_acf_changed":false,"footnotes":""},"categories":[14,16],"tags":[],"class_list":["post-17821","post","type-post","status-publish","format-standard","has-post-thumbnail","hentry","category-brasil","category-mais-brasil","active"],"acf":[],"_links":{"self":[{"href":"https:\/\/www.festivaldecircodobrasil.com.br\/2025bra\/wp-json\/wp\/v2\/posts\/17821","targetHints":{"allow":["GET"]}}],"collection":[{"href":"https:\/\/www.festivaldecircodobrasil.com.br\/2025bra\/wp-json\/wp\/v2\/posts"}],"about":[{"href":"https:\/\/www.festivaldecircodobrasil.com.br\/2025bra\/wp-json\/wp\/v2\/types\/post"}],"author":[{"embeddable":true,"href":"https:\/\/www.festivaldecircodobrasil.com.br\/2025bra\/wp-json\/wp\/v2\/users\/3"}],"replies":[{"embeddable":true,"href":"https:\/\/www.festivaldecircodobrasil.com.br\/2025bra\/wp-json\/wp\/v2\/comments?post=17821"}],"version-history":[{"count":5,"href":"https:\/\/www.festivaldecircodobrasil.com.br\/2025bra\/wp-json\/wp\/v2\/posts\/17821\/revisions"}],"predecessor-version":[{"id":17839,"href":"https:\/\/www.festivaldecircodobrasil.com.br\/2025bra\/wp-json\/wp\/v2\/posts\/17821\/revisions\/17839"}],"wp:featuredmedia":[{"embeddable":true,"href":"https:\/\/www.festivaldecircodobrasil.com.br\/2025bra\/wp-json\/wp\/v2\/media\/17822"}],"wp:attachment":[{"href":"https:\/\/www.festivaldecircodobrasil.com.br\/2025bra\/wp-json\/wp\/v2\/media?parent=17821"}],"wp:term":[{"taxonomy":"category","embeddable":true,"href":"https:\/\/www.festivaldecircodobrasil.com.br\/2025bra\/wp-json\/wp\/v2\/categories?post=17821"},{"taxonomy":"post_tag","embeddable":true,"href":"https:\/\/www.festivaldecircodobrasil.com.br\/2025bra\/wp-json\/wp\/v2\/tags?post=17821"}],"curies":[{"name":"wp","href":"https:\/\/api.w.org\/{rel}","templated":true}]}}