{"id":18752,"date":"2025-10-30T17:44:06","date_gmt":"2025-10-30T20:44:06","guid":{"rendered":"https:\/\/www.festivaldecircodobrasil.com.br\/2025bra\/?p=18752"},"modified":"2025-10-31T17:52:11","modified_gmt":"2025-10-31T20:52:11","slug":"circogastro-galinhada","status":"publish","type":"post","link":"https:\/\/www.festivaldecircodobrasil.com.br\/2025bra\/circogastro-galinhada\/","title":{"rendered":"CIRCOGASTR\u00d4: GALINHADA"},"content":{"rendered":"<p><em>Chef C\u00e9sar Santos . BR[PE]<\/em><br \/>\n<strong>2\/11 \u2013 A partir das 12h | Parque Santana (Casa Forte)<\/strong><br \/>\nClassifica\u00e7\u00e3o: Livre<br \/>\n*Programa\u00e7\u00e3o gratuita<\/p>\n<p>&nbsp;<\/p>\n<p><img loading=\"lazy\" decoding=\"async\" class=\"img-responsive alignnone wp-image-18753 size-full\" src=\"https:\/\/www.festivaldecircodobrasil.com.br\/2025bra\/wp-content\/uploads\/2025\/10\/sitefcb_imagem-destacada_1200x770-2.png\" alt=\"\" width=\"1200\" height=\"770\" srcset=\"https:\/\/www.festivaldecircodobrasil.com.br\/2025bra\/wp-content\/uploads\/2025\/10\/sitefcb_imagem-destacada_1200x770-2.png 1200w, https:\/\/www.festivaldecircodobrasil.com.br\/2025bra\/wp-content\/uploads\/2025\/10\/sitefcb_imagem-destacada_1200x770-2-300x193.png 300w, https:\/\/www.festivaldecircodobrasil.com.br\/2025bra\/wp-content\/uploads\/2025\/10\/sitefcb_imagem-destacada_1200x770-2-1024x657.png 1024w, https:\/\/www.festivaldecircodobrasil.com.br\/2025bra\/wp-content\/uploads\/2025\/10\/sitefcb_imagem-destacada_1200x770-2-768x493.png 768w\" sizes=\"auto, (max-width: 1200px) 100vw, 1200px\" \/><\/p>\n<p>O chef C\u00e9sar Santos, \u00e0 frente do restaurante Oficina do Sabor, em Olinda, \u00e9 um dos grandes nomes da culin\u00e1ria pernambucana. Suas receitas celebram os sabores da regi\u00e3o e guardam a mem\u00f3ria afetiva das comidas preparadas por sua m\u00e3e, dona Edelvina, de 95 anos \u2014 como a inesquec\u00edvel galinha guisada dos almo\u00e7os de domingo. Inspirado nesse prato da fam\u00edlia, o chef promove a famosa Galinhada em v\u00e1rios eventos da cidade.<\/p>\n","protected":false},"excerpt":{"rendered":"<p>Chef C\u00e9sar Santos . BR[PE] 2\/11 \u2013 A partir das 12h | Parque Santana (Casa Forte) Classifica\u00e7\u00e3o: Livre *Programa\u00e7\u00e3o gratuita &nbsp; O chef C\u00e9sar Santos, \u00e0 frente do restaurante Oficina do Sabor, em Olinda, \u00e9 um dos grandes nomes da culin\u00e1ria pernambucana. Suas receitas celebram os sabores da regi\u00e3o e <a class=\"leiamais\" href=\"https:\/\/www.festivaldecircodobrasil.com.br\/2025bra\/circogastro-galinhada\/\">LER NOT\u00cdCIA<\/a><\/p>\n","protected":false},"author":3,"featured_media":18753,"comment_status":"open","ping_status":"open","sticky":false,"template":"","format":"standard","meta":{"_acf_changed":false,"footnotes":""},"categories":[14,16],"tags":[],"class_list":["post-18752","post","type-post","status-publish","format-standard","has-post-thumbnail","hentry","category-brasil","category-mais-brasil","active"],"acf":[],"_links":{"self":[{"href":"https:\/\/www.festivaldecircodobrasil.com.br\/2025bra\/wp-json\/wp\/v2\/posts\/18752","targetHints":{"allow":["GET"]}}],"collection":[{"href":"https:\/\/www.festivaldecircodobrasil.com.br\/2025bra\/wp-json\/wp\/v2\/posts"}],"about":[{"href":"https:\/\/www.festivaldecircodobrasil.com.br\/2025bra\/wp-json\/wp\/v2\/types\/post"}],"author":[{"embeddable":true,"href":"https:\/\/www.festivaldecircodobrasil.com.br\/2025bra\/wp-json\/wp\/v2\/users\/3"}],"replies":[{"embeddable":true,"href":"https:\/\/www.festivaldecircodobrasil.com.br\/2025bra\/wp-json\/wp\/v2\/comments?post=18752"}],"version-history":[{"count":4,"href":"https:\/\/www.festivaldecircodobrasil.com.br\/2025bra\/wp-json\/wp\/v2\/posts\/18752\/revisions"}],"predecessor-version":[{"id":18761,"href":"https:\/\/www.festivaldecircodobrasil.com.br\/2025bra\/wp-json\/wp\/v2\/posts\/18752\/revisions\/18761"}],"wp:featuredmedia":[{"embeddable":true,"href":"https:\/\/www.festivaldecircodobrasil.com.br\/2025bra\/wp-json\/wp\/v2\/media\/18753"}],"wp:attachment":[{"href":"https:\/\/www.festivaldecircodobrasil.com.br\/2025bra\/wp-json\/wp\/v2\/media?parent=18752"}],"wp:term":[{"taxonomy":"category","embeddable":true,"href":"https:\/\/www.festivaldecircodobrasil.com.br\/2025bra\/wp-json\/wp\/v2\/categories?post=18752"},{"taxonomy":"post_tag","embeddable":true,"href":"https:\/\/www.festivaldecircodobrasil.com.br\/2025bra\/wp-json\/wp\/v2\/tags?post=18752"}],"curies":[{"name":"wp","href":"https:\/\/api.w.org\/{rel}","templated":true}]}}