{"id":18762,"date":"2025-10-31T18:00:40","date_gmt":"2025-10-31T21:00:40","guid":{"rendered":"https:\/\/www.festivaldecircodobrasil.com.br\/2025bra\/?p=18762"},"modified":"2025-10-31T18:13:04","modified_gmt":"2025-10-31T21:13:04","slug":"resultado-ciclo-formativo","status":"publish","type":"post","link":"https:\/\/www.festivaldecircodobrasil.com.br\/2025bra\/resultado-ciclo-formativo\/","title":{"rendered":"RESULTADO: CICLO FORMATIVO"},"content":{"rendered":"<p data-start=\"57\" data-end=\"320\">O Ciclo Formativo da 19\u00aa edi\u00e7\u00e3o do Festival de Circo do Brasil re\u00fane artistas e formadores do Brasil, Fran\u00e7a e Argentina em uma programa\u00e7\u00e3o gratuita voltada para o aprimoramento t\u00e9cnico e po\u00e9tico de artistas circenses e criadores das artes do corpo.<\/p>\n<p data-start=\"322\" data-end=\"516\">S\u00e3o duas oficinas pr\u00e1ticas e um laborat\u00f3rio art\u00edstico que prop\u00f5em encontros entre circo, dan\u00e7a, teatro e artes visuais, estimulando novas formas de movimento, cria\u00e7\u00e3o e pensamento.<\/p>\n<h3 data-start=\"518\" data-end=\"535\">Programa\u00e7\u00e3o<\/h3>\n<p data-start=\"537\" data-end=\"683\"><strong><em>Malabares e Movimento<\/em><\/strong><br data-start=\"565\" data-end=\"568\" \/>com <em data-start=\"572\" data-end=\"589\">Nicanor de Elia<\/em> (Cie. NDE \u2013 Fran\u00e7a\/Argentina)<br \/>\n<em data-start=\"625\" data-end=\"640\">Pa\u00e7o do Frevo<\/em> | <em data-start=\"646\" data-end=\"665\">5 e 6 de novembro<\/em> |\u00a0 <em data-start=\"670\" data-end=\"681\">9h \u00e0s 12h<\/em><\/p>\n<p data-start=\"685\" data-end=\"852\"><em><strong>Workshop: A\u00e9reo Din\u00e2mico<\/strong><\/em><br data-start=\"716\" data-end=\"719\" \/>com <em data-start=\"723\" data-end=\"739\">Felipe Nicknig<\/em> (Cia Catavento \u2013 Brasil\/Goi\u00e1s)<br \/>\n<em data-start=\"776\" data-end=\"804\">Espa\u00e7o Cultural Entrela\u00e7os<\/em> |\u00a0 <em data-start=\"810\" data-end=\"832\">3, 4 e 5 de novembro<\/em> |\u00a0 <em data-start=\"837\" data-end=\"850\">9h \u00e0s 12h30<\/em><\/p>\n<p data-start=\"854\" data-end=\"1103\"><em><strong>Constelar: Laborat\u00f3rio de Cria\u00e7\u00e3o em Circo, Artes Visuais e Teatro<\/strong><\/em><br data-start=\"927\" data-end=\"930\" \/>com <em data-start=\"934\" data-end=\"982\">Domitille Martin, Nina Harper e Ricardo Cabral<\/em> (Collectif Maison Courbe \u2013 Fran\u00e7a)<br data-start=\"1017\" data-end=\"1020\" \/><em data-start=\"1023\" data-end=\"1051\">Teatro Hermilo Borba Filho<\/em> | <em data-start=\"1057\" data-end=\"1072\">6 de novembro<\/em> | <em data-start=\"1077\" data-end=\"1101\">9h \u00e0s 12h e 14h \u00e0s 17h<\/em><\/p>\n<p data-start=\"1105\" data-end=\"1304\">O Ciclo Formativo \u00e9 um espa\u00e7o de troca, investiga\u00e7\u00e3o e experimenta\u00e7\u00e3o art\u00edstica, fortalecendo a forma\u00e7\u00e3o continuada e o di\u00e1logo entre linguagens que fazem do circo uma arte em constante reinven\u00e7\u00e3o.<\/p>\n<p data-start=\"1306\" data-end=\"1390\" data-is-last-node=\"\" data-is-only-node=\"\"><em data-start=\"1308\" data-end=\"1390\" data-is-last-node=\"\">Confira a lista completa dos selecionados:<\/em><\/p>\n<p><b>A\u00e9reo Din\u00e2mico &#8211; 03, 04 e 05\/11 das 9 \u00e0s 12h30 no Espa\u00e7o Entrela\u00e7os<\/b><\/p>\n<ol>\n<li style=\"font-weight: 400;\" aria-level=\"1\"><span style=\"font-weight: 400;\">Amanda Cristina Souza da Silva<\/span><\/li>\n<li style=\"font-weight: 400;\" aria-level=\"1\"><span style=\"font-weight: 400;\">Amanda Portela de Melo<\/span><\/li>\n<li style=\"font-weight: 400;\" aria-level=\"1\"><span style=\"font-weight: 400;\">Ariadne Isabel Machado Bogo<\/span><\/li>\n<li style=\"font-weight: 400;\" aria-level=\"1\"><span style=\"font-weight: 400;\">Camila Maria Gatis Soares Nery\u00a0<\/span><\/li>\n<li style=\"font-weight: 400;\" aria-level=\"1\"><span style=\"font-weight: 400;\">Camilla Serejo de Farias<\/span><\/li>\n<li style=\"font-weight: 400;\" aria-level=\"1\"><span style=\"font-weight: 400;\">Cec\u00edlia Ara\u00fajo de Queiroz<\/span><\/li>\n<li style=\"font-weight: 400;\" aria-level=\"1\"><span style=\"font-weight: 400;\">Daniela Costa de Medeiros Wogeley<\/span><\/li>\n<li style=\"font-weight: 400;\" aria-level=\"1\"><span style=\"font-weight: 400;\">Daniele Lima da Silva Alves\u00a0<\/span><\/li>\n<li style=\"font-weight: 400;\" aria-level=\"1\"><span style=\"font-weight: 400;\">Diego Rafael Barros<\/span><\/li>\n<li style=\"font-weight: 400;\" aria-level=\"1\"><span style=\"font-weight: 400;\">Filipe Codeceira Gusm\u00e3o<\/span><\/li>\n<li style=\"font-weight: 400;\" aria-level=\"1\"><span style=\"font-weight: 400;\">Jo\u00e3o Fernando Dias da Silva\u00a0<\/span><\/li>\n<li style=\"font-weight: 400;\" aria-level=\"1\"><span style=\"font-weight: 400;\">Jo\u00e3o Lucas de S\u00e1 Leit\u00e3o Cavalcanti\u00a0<\/span><\/li>\n<li style=\"font-weight: 400;\" aria-level=\"1\"><span style=\"font-weight: 400;\">Juliana Oliveira Ferr\u00e3o dos Santos<\/span><\/li>\n<li style=\"font-weight: 400;\" aria-level=\"1\"><span style=\"font-weight: 400;\">Lucas lisboa arregui<\/span><\/li>\n<li style=\"font-weight: 400;\" aria-level=\"1\"><span style=\"font-weight: 400;\">Maria Luiza de Moura Nobre<\/span><\/li>\n<li style=\"font-weight: 400;\" aria-level=\"1\"><span style=\"font-weight: 400;\">Mariana Leopoldino da Silva\u00a0<\/span><\/li>\n<li style=\"font-weight: 400;\" aria-level=\"1\"><span style=\"font-weight: 400;\">Monica Sales\u00a0<\/span><\/li>\n<li style=\"font-weight: 400;\" aria-level=\"1\"><span style=\"font-weight: 400;\">Paloma Gouveia de Castro<\/span><\/li>\n<li style=\"font-weight: 400;\" aria-level=\"1\"><span style=\"font-weight: 400;\">Rayane Vit\u00f3ria de Souza Miranda\u00a0<\/span><\/li>\n<li style=\"font-weight: 400;\" aria-level=\"1\"><span style=\"font-weight: 400;\">Vitor Lima<\/span><\/li>\n<li style=\"font-weight: 400;\" aria-level=\"1\"><span style=\"font-weight: 400;\">Yasmin Abreu Ferraz<\/span><\/li>\n<\/ol>\n<p><b><br \/>\nMalabares e Movimento &#8211; 05 e 06\/11 das 9 \u00e0s 12h no Pa\u00e7o do Frevo<\/b><\/p>\n<ol>\n<li style=\"font-weight: 400;\" aria-level=\"1\"><span style=\"font-weight: 400;\">Alice N\u00f3brega de Moraes<\/span><\/li>\n<li style=\"font-weight: 400;\" aria-level=\"1\"><span style=\"font-weight: 400;\">Bernardo Maia Hamilton\u00a0<\/span><\/li>\n<li style=\"font-weight: 400;\" aria-level=\"1\"><span style=\"font-weight: 400;\">Bruno Fernando Alves de Luna\u00a0<\/span><\/li>\n<li style=\"font-weight: 400;\" aria-level=\"1\"><span style=\"font-weight: 400;\">Cleiton Orman<\/span><\/li>\n<li style=\"font-weight: 400;\" aria-level=\"1\"><span style=\"font-weight: 400;\">Denis Kary vieira\u00a0<\/span><\/li>\n<li style=\"font-weight: 400;\" aria-level=\"1\"><span style=\"font-weight: 400;\">Eduardo Caliento<\/span><\/li>\n<li style=\"font-weight: 400;\" aria-level=\"1\"><span style=\"font-weight: 400;\">Joana Machado Botelho<\/span><\/li>\n<li style=\"font-weight: 400;\" aria-level=\"1\"><span style=\"font-weight: 400;\">Jo\u00e3o Victor da Silva\u00a0<\/span><\/li>\n<li style=\"font-weight: 400;\" aria-level=\"1\"><span style=\"font-weight: 400;\">Jo\u00e3o Victor Patr\u00edcio Bezerra<\/span><\/li>\n<li style=\"font-weight: 400;\" aria-level=\"1\"><span style=\"font-weight: 400;\">Kevin Leonel Vargas Usqueda\u00a0<\/span><\/li>\n<li style=\"font-weight: 400;\" aria-level=\"1\"><span style=\"font-weight: 400;\">Lucas Dantas Borges\u00a0<\/span><\/li>\n<li style=\"font-weight: 400;\" aria-level=\"1\"><span style=\"font-weight: 400;\">Mariana Maria Santos da Silva\u00a0<\/span><\/li>\n<li style=\"font-weight: 400;\" aria-level=\"1\"><span style=\"font-weight: 400;\">Matias villasenor<\/span><\/li>\n<li style=\"font-weight: 400;\" aria-level=\"1\"><span style=\"font-weight: 400;\">Monick de Menezes Pequeno\u00a0<\/span><\/li>\n<li style=\"font-weight: 400;\" aria-level=\"1\"><span style=\"font-weight: 400;\">Petyson Rafael Gomes Leal<\/span><\/li>\n<li style=\"font-weight: 400;\" aria-level=\"1\"><span style=\"font-weight: 400;\">Renato In\u00e1cio da Silva\u00a0<\/span><\/li>\n<li style=\"font-weight: 400;\" aria-level=\"1\"><span style=\"font-weight: 400;\">Rocio Bel\u00e9n Mart\u00ednez\u00a0<\/span><\/li>\n<li style=\"font-weight: 400;\" aria-level=\"1\"><span style=\"font-weight: 400;\">Samuel Soares da Silva\u00a0<\/span><\/li>\n<li style=\"font-weight: 400;\" aria-level=\"1\"><span style=\"font-weight: 400;\">Shinoby Carlos<\/span><\/li>\n<\/ol>\n<p><b><br \/>\nConstelar &#8211; 06\/11 das 9 \u00e0s 17h no Teatro Hermilo Borba Filho<\/b><\/p>\n<ol>\n<li style=\"font-weight: 400;\" aria-level=\"1\"><span style=\"font-weight: 400;\">Beatriz Nascimento Monteiro Caldas\u00a0<\/span><\/li>\n<li style=\"font-weight: 400;\" aria-level=\"1\"><span style=\"font-weight: 400;\">Camila Maria Gatis Soares Nery\u00a0<\/span><\/li>\n<li style=\"font-weight: 400;\" aria-level=\"1\"><span style=\"font-weight: 400;\">Cleison Barros\u00a0<\/span><\/li>\n<li style=\"font-weight: 400;\" aria-level=\"1\"><span style=\"font-weight: 400;\">Daniele Lima da Silva Alves\u00a0<\/span><\/li>\n<li style=\"font-weight: 400;\" aria-level=\"1\"><span style=\"font-weight: 400;\">Diana Altino Garcia Gazatti<\/span><\/li>\n<li style=\"font-weight: 400;\" aria-level=\"1\"><span style=\"font-weight: 400;\">Edson Correia da Silva<\/span><\/li>\n<li style=\"font-weight: 400;\" aria-level=\"1\"><span style=\"font-weight: 400;\">Gabriela Wanderley de Holanda<\/span><\/li>\n<li style=\"font-weight: 400;\" aria-level=\"1\"><span style=\"font-weight: 400;\">Guilherme Allain<\/span><\/li>\n<li style=\"font-weight: 400;\" aria-level=\"1\"><span style=\"font-weight: 400;\">In\u00eas Franco Maia<\/span><\/li>\n<li style=\"font-weight: 400;\" aria-level=\"1\"><span style=\"font-weight: 400;\">Isabella Carvalho de Medeiros<\/span><\/li>\n<li style=\"font-weight: 400;\" aria-level=\"1\"><span style=\"font-weight: 400;\">Jesus Santiago Ramirez Gonzalez<\/span><\/li>\n<li style=\"font-weight: 400;\" aria-level=\"1\"><span style=\"font-weight: 400;\">Jo\u00e3o Lucas de S\u00e1 Leit\u00e3o Cavalcanti\u00a0<\/span><\/li>\n<li style=\"font-weight: 400;\" aria-level=\"1\"><span style=\"font-weight: 400;\">Magdalena Hidalgo Witker<\/span><\/li>\n<li style=\"font-weight: 400;\" aria-level=\"1\"><span style=\"font-weight: 400;\">Main\u00e1 Ara\u00fajo de Paiva e Souza<\/span><\/li>\n<li style=\"font-weight: 400;\" aria-level=\"1\"><span style=\"font-weight: 400;\">Marcos Te\u00f3filo\u00a0<\/span><\/li>\n<li style=\"font-weight: 400;\" aria-level=\"1\"><span style=\"font-weight: 400;\">Milena Costa Marques<\/span><\/li>\n<li style=\"font-weight: 400;\" aria-level=\"1\"><span style=\"font-weight: 400;\">Nicolas Moreno<\/span><\/li>\n<li style=\"font-weight: 400;\" aria-level=\"1\"><span style=\"font-weight: 400;\">Petyson Rafael Gomes Leal<\/span><\/li>\n<li style=\"font-weight: 400;\" aria-level=\"1\"><span style=\"font-weight: 400;\">Thais Maiara Nascimento de Sousa<\/span><\/li>\n<li style=\"font-weight: 400;\" aria-level=\"1\"><span style=\"font-weight: 400;\">Thalita Andrade<\/span><\/li>\n<li style=\"font-weight: 400;\" aria-level=\"1\"><span style=\"font-weight: 400;\">Vitor Lima<\/span><\/li>\n<\/ol>\n<p>&nbsp;<\/p>\n","protected":false},"excerpt":{"rendered":"<p>O Ciclo Formativo da 19\u00aa edi\u00e7\u00e3o do Festival de Circo do Brasil re\u00fane artistas e formadores do Brasil, Fran\u00e7a e Argentina em uma programa\u00e7\u00e3o gratuita voltada para o aprimoramento t\u00e9cnico e po\u00e9tico de artistas circenses e criadores das artes do corpo. S\u00e3o duas oficinas pr\u00e1ticas e um laborat\u00f3rio art\u00edstico que <a class=\"leiamais\" href=\"https:\/\/www.festivaldecircodobrasil.com.br\/2025bra\/resultado-ciclo-formativo\/\">LER NOT\u00cdCIA<\/a><\/p>\n","protected":false},"author":3,"featured_media":18767,"comment_status":"open","ping_status":"open","sticky":false,"template":"","format":"standard","meta":{"_acf_changed":false,"footnotes":""},"categories":[19,14],"tags":[],"class_list":["post-18762","post","type-post","status-publish","format-standard","has-post-thumbnail","hentry","category-brasil-oficinas","category-brasil","active"],"acf":[],"_links":{"self":[{"href":"https:\/\/www.festivaldecircodobrasil.com.br\/2025bra\/wp-json\/wp\/v2\/posts\/18762","targetHints":{"allow":["GET"]}}],"collection":[{"href":"https:\/\/www.festivaldecircodobrasil.com.br\/2025bra\/wp-json\/wp\/v2\/posts"}],"about":[{"href":"https:\/\/www.festivaldecircodobrasil.com.br\/2025bra\/wp-json\/wp\/v2\/types\/post"}],"author":[{"embeddable":true,"href":"https:\/\/www.festivaldecircodobrasil.com.br\/2025bra\/wp-json\/wp\/v2\/users\/3"}],"replies":[{"embeddable":true,"href":"https:\/\/www.festivaldecircodobrasil.com.br\/2025bra\/wp-json\/wp\/v2\/comments?post=18762"}],"version-history":[{"count":5,"href":"https:\/\/www.festivaldecircodobrasil.com.br\/2025bra\/wp-json\/wp\/v2\/posts\/18762\/revisions"}],"predecessor-version":[{"id":18768,"href":"https:\/\/www.festivaldecircodobrasil.com.br\/2025bra\/wp-json\/wp\/v2\/posts\/18762\/revisions\/18768"}],"wp:featuredmedia":[{"embeddable":true,"href":"https:\/\/www.festivaldecircodobrasil.com.br\/2025bra\/wp-json\/wp\/v2\/media\/18767"}],"wp:attachment":[{"href":"https:\/\/www.festivaldecircodobrasil.com.br\/2025bra\/wp-json\/wp\/v2\/media?parent=18762"}],"wp:term":[{"taxonomy":"category","embeddable":true,"href":"https:\/\/www.festivaldecircodobrasil.com.br\/2025bra\/wp-json\/wp\/v2\/categories?post=18762"},{"taxonomy":"post_tag","embeddable":true,"href":"https:\/\/www.festivaldecircodobrasil.com.br\/2025bra\/wp-json\/wp\/v2\/tags?post=18762"}],"curies":[{"name":"wp","href":"https:\/\/api.w.org\/{rel}","templated":true}]}}